{"id":9472,"date":"2025-11-17T16:52:07","date_gmt":"2025-11-17T19:52:07","guid":{"rendered":"https:\/\/denhamschool.cl\/?p=9472"},"modified":"2025-11-17T16:52:07","modified_gmt":"2025-11-17T19:52:07","slug":"acto-civico-dia-de-los-derechos-del-nino","status":"publish","type":"post","link":"https:\/\/denhamschool.cl\/en\/acto-civico-dia-de-los-derechos-del-nino\/","title":{"rendered":"Civic act, children's rights day"},"content":{"rendered":"<div id=\"fws_69f3150242e87\"  data-column-margin=\"none\" data-midnight=\"dark\" data-top-percent=\"8%\" data-bottom-percent=\"8%\"  class=\"wpb_row vc_row-fluid vc_row full-width-section  top_padding_tablet_8pct top_padding_phone_7pct bottom_padding_tablet_8pct bottom_padding_phone_7pct\"  style=\"padding-top: calc(100vw * 0.08); padding-bottom: calc(100vw * 0.08); \"><div class=\"row-bg-wrap\" data-bg-animation=\"none\" data-bg-animation-delay=\"\" data-bg-overlay=\"false\"><div class=\"inner-wrap row-bg-layer\" ><div class=\"row-bg viewport-desktop\"  style=\"\"><\/div><\/div><\/div><div class=\"row_col_wrap_12 col span_12 dark left\">\n\t<div  class=\"vc_col-sm-6 wpb_column column_container vc_column_container col bottom_margin_tablet_10pct right_padding_desktop_15pct right_padding_phone_0px\"  data-padding-pos=\"all\" data-has-bg-color=\"false\" data-bg-color=\"\" data-bg-opacity=\"1\" data-animation=\"\" data-delay=\"0\" >\n\t\t<div class=\"vc_column-inner\" >\n\t\t\t<div class=\"wpb_wrapper\">\n\t\t\t\t<div id=\"fws_69f315024384d\" data-midnight=\"\" data-column-margin=\"none\" class=\"wpb_row vc_row-fluid vc_row inner_row  right_padding_10pct right_padding_tablet_5pct right_padding_phone_3pct\"  style=\"\"><div class=\"row-bg-wrap\"> <div class=\"row-bg\" ><\/div> <\/div><div class=\"row_col_wrap_12_inner col span_12  left\">\n\t<div  class=\"vc_col-sm-12 wpb_column column_container vc_column_container col child_column no-extra-padding el_spacing_0px inherit_tablet inherit_phone\"   data-padding-pos=\"all\" data-has-bg-color=\"false\" data-bg-color=\"\" data-bg-opacity=\"1\" data-animation=\"\" data-delay=\"0\" >\n\t\t<div class=\"vc_column-inner\" >\n\t\t<div class=\"wpb_wrapper\">\n\t\t\t<div class=\"nectar-responsive-text font_size_max_50px font_size_desktop_3vw font_size_tablet_4vw font_size_phone_6vw font_line_height_1-2 nectar-link-underline-effect\"><h2 class=\"article-title\">Civic act, children's rights day<\/h2>\n<\/div><div class=\"divider-wrap\" data-alignment=\"default\"><div style=\"height: 20px;\" class=\"divider\"><\/div><\/div><div class=\"nectar-responsive-text font_size_min_16px font_size_max_20px font_size_desktop_1-1vw font_line_height_1-6 nectar-link-underline-effect\"><p>Last Monday, November 10, our traditional civic event was held by 2nd grade students and Play group.<\/p>\n<p>Children's Rights Day is celebrated on November 20 to commemorate the adoption of the Universal Declaration of the Rights of the Child in 1959 and the Convention on the Rights of the Child in 1989. This day seeks to promote and raise awareness of children's rights worldwide, including the right to health, education and protection.<br \/>\nWhy November 20?<br \/>\nOn November 20, 1959, the United Nations General Assembly adopted the Declaration of the Rights of the Child.<br \/>\nOn November 20, 1989, the General Assembly adopted the Convention on the Rights of the Child, an international treaty binding on signatory countries.<br \/>\nObjective of the day:<br \/>\nPromote brotherhood and understanding among the children of the world.<br \/>\nRaise awareness about the well-being of boys and girls.<br \/>\nRemember children's rights, such as access to education, health and protection from violence and abuse.<br \/>\nImportance:<br \/>\nThe Convention on the Rights of the Child is the most ratified human rights treaty in history.<br \/>\nIt sets out the responsibilities of adults and governments to ensure the rights and well-being of children.<\/p>\n<\/div>\n\t\t<\/div> \n\t<\/div>\n\t<\/div> \n<\/div><\/div><div id=\"fws_69f31502446b5\" data-midnight=\"\" data-column-margin=\"default\" class=\"wpb_row vc_row-fluid vc_row inner_row  top_padding_tablet_5vw top_padding_phone_6vw\"  style=\"padding-top: 2vw; \"><div class=\"row-bg-wrap\"> <div class=\"row-bg\" ><\/div> <\/div><div class=\"row_col_wrap_12_inner col span_12  left\">\n\t<div  class=\"vc_col-sm-12 wpb_column column_container vc_column_container col child_column no-extra-padding column_element_direction_desktop_horizontal column_element_direction_tablet_horizontal column_element_direction_phone_horizontal el_spacing_20px inherit_tablet inherit_phone\"   data-padding-pos=\"all\" data-has-bg-color=\"false\" data-bg-color=\"\" data-bg-opacity=\"1\" data-animation=\"\" data-delay=\"0\" >\n\t\t<div class=\"vc_column-inner\" >\n\t\t<div class=\"wpb_wrapper\">\n\t\t\t<div class=\"nectar-cta  alignment_tablet_default alignment_phone_default display_tablet_inherit display_phone_inherit font_size_desktop_1-1vw font_size_tablet_14px\" data-color=\"accent-color\" data-using-bg=\"true\" data-display=\"inline\" data-style=\"underline\" data-alignment=\"left\" data-text-color=\"custom\" style=\"margin-right: 0.8em; \"><span style=\"color: #ffffff;\" class=\"nectar-button-type\"> <span class=\"link_wrap\" style=\"padding-top: 0.8em; padding-right: 2.2em; padding-bottom: 0.8em; padding-left: 2.2em;\"><a target=\"_blank\" class=\"link_text\" style=\"border-color: #ffffff;\" role=\"button\" href=\"https:\/\/drive.google.com\/drive\/folders\/1sDRIFUlmSi3LiAqt-uqeWp2C3FewxFd_?usp=sharing\">View All Photos<\/a><\/span><\/span><\/div><div class=\"nectar-cta  alignment_tablet_default alignment_phone_default display_tablet_inherit display_phone_inherit font_size_desktop_1-1vw font_size_tablet_16px\" data-color=\"default\" data-using-bg=\"false\" data-display=\"inline\" data-style=\"underline\" data-alignment=\"left\" data-text-color=\"custom\" ><span style=\"color: #000000;\" class=\"nectar-button-type\"> <span class=\"link_wrap\" style=\"padding-top: 4px; padding-bottom: 4px; \"><a  class=\"link_text\" style=\"border-color: #000000;\" role=\"button\" href=\"https:\/\/denhamschool.cl\/en\/news\/\">News<\/a><\/span><\/span><\/div>\n\t\t<\/div> \n\t<\/div>\n\t<\/div> \n<\/div><\/div>\n\t\t\t<\/div> \n\t\t<\/div>\n\t<\/div> \n\n\t<div style=\"\" class=\"vc_col-sm-6 wpb_column column_container vc_column_container col padding-5-percent column_position_relative el_spacing_0px inherit_tablet inherit_phone\" data-using-bg=\"true\" data-border-radius=\"20px\" data-padding-pos=\"top\" data-has-bg-color=\"true\" data-bg-color=\"#ffffff\" data-bg-opacity=\"1\" data-animation=\"\" data-delay=\"0\" >\n\t\t<div class=\"vc_column-inner\" ><div class=\"column-bg-overlay-wrap column-bg-layer\" data-bg-animation=\"none\"><div class=\"column-bg-overlay\" style=\"opacity: 1; background-color: #ffffff;\"><\/div><\/div>\n\t\t\t<div class=\"wpb_wrapper\">\n\t\t\t\t<div class=\"img-with-aniamtion-wrap\" data-max-width=\"100%\" data-max-width-mobile=\"default\" data-shadow=\"none\" data-animation=\"fade-in-from-bottom\" >\n      <div class=\"inner\">\n        <div class=\"hover-wrap\"> \n          <div class=\"hover-wrap-inner\">\n            <img decoding=\"async\" class=\"img-with-animation skip-lazy\" data-delay=\"0\" height=\"1080\" width=\"1080\" data-animation=\"fade-in-from-bottom\" src=\"https:\/\/denhamschool.cl\/wp-content\/uploads\/2025\/11\/derechos-del.jpg\" alt=\"\" srcset=\"https:\/\/denhamschool.cl\/wp-content\/uploads\/2025\/11\/derechos-del.jpg 1080w, https:\/\/denhamschool.cl\/wp-content\/uploads\/2025\/11\/derechos-del-300x300.jpg 300w, https:\/\/denhamschool.cl\/wp-content\/uploads\/2025\/11\/derechos-del-1024x1024.jpg 1024w, https:\/\/denhamschool.cl\/wp-content\/uploads\/2025\/11\/derechos-del-150x150.jpg 150w, https:\/\/denhamschool.cl\/wp-content\/uploads\/2025\/11\/derechos-del-768x768.jpg 768w, https:\/\/denhamschool.cl\/wp-content\/uploads\/2025\/11\/derechos-del-12x12.jpg 12w, https:\/\/denhamschool.cl\/wp-content\/uploads\/2025\/11\/derechos-del-140x140.jpg 140w, https:\/\/denhamschool.cl\/wp-content\/uploads\/2025\/11\/derechos-del-100x100.jpg 100w, https:\/\/denhamschool.cl\/wp-content\/uploads\/2025\/11\/derechos-del-500x500.jpg 500w, https:\/\/denhamschool.cl\/wp-content\/uploads\/2025\/11\/derechos-del-350x350.jpg 350w, https:\/\/denhamschool.cl\/wp-content\/uploads\/2025\/11\/derechos-del-1000x1000.jpg 1000w, https:\/\/denhamschool.cl\/wp-content\/uploads\/2025\/11\/derechos-del-800x800.jpg 800w\" sizes=\"(max-width: 1080px) 100vw, 1080px\" \/>\n          <\/div>\n        <\/div>\n      <\/div>\n    <\/div>\n\t\t\t<\/div> \n\t\t<\/div>\n\t<\/div> \n<\/div><\/div>\n\t\t<div id=\"fws_69f315024619c\"  data-column-margin=\"default\" data-midnight=\"dark\"  class=\"wpb_row vc_row-fluid vc_row\"  style=\"padding-top: 0px; padding-bottom: 0px; \"><div class=\"row-bg-wrap\" data-bg-animation=\"none\" data-bg-animation-delay=\"\" data-bg-overlay=\"false\"><div class=\"inner-wrap row-bg-layer\" ><div class=\"row-bg viewport-desktop\"  style=\"\"><\/div><\/div><\/div><div class=\"row_col_wrap_12 col span_12 dark left\">\n\t<div  class=\"vc_col-sm-12 wpb_column column_container vc_column_container col no-extra-padding inherit_tablet inherit_phone\"  data-padding-pos=\"all\" data-has-bg-color=\"false\" data-bg-color=\"\" data-bg-opacity=\"1\" data-animation=\"\" data-delay=\"0\" >\n\t\t<div class=\"vc_column-inner\" >\n\t\t\t<div class=\"wpb_wrapper\">\n\t\t\t\t\n\t<div class=\"wpb_gallery wpb_content_element clearfix\">\n\t\t<div class=\"wpb_wrapper\"><div class=\"wpb_gallery_slidesflickity_static_height_style\" data-onclick=\"link_no\" data-interval=\"5\"><style>.wpb_gallery_slidesflickity_static_height_style .nectar-flickity.instace-69f3150246dcc:not(.masonry) .flickity-slider .cell img {\n      height: 500px;\n    }\n    @media only screen and (max-width: 1300px) {\n      .wpb_gallery_slidesflickity_static_height_style .nectar-flickity.instace-69f3150246dcc:not(.masonry) .flickity-slider .cell img {\n        height: 400px;\n      }\n    }\n    @media only screen and (max-width: 1000px) {\n      .wpb_gallery_slidesflickity_static_height_style .nectar-flickity.instace-69f3150246dcc:not(.masonry) .flickity-slider .cell img {\n        height: 350px;\n      }\n    }\n    @media only screen and (max-width: 690px) {\n      .wpb_gallery_slidesflickity_static_height_style .nectar-flickity.instace-69f3150246dcc:not(.masonry) .flickity-slider .cell img {\n        height: 300px;\n      }\n    }<\/style><div class=\"nectar-flickity not-initialized instace-69f3150246dcc\"  data-touch-icon-color=\"default\" data-drag-scale=\"\" data-overflow=\"hidden\" data-wrap=\"wrap\" data-spacing=\"default\" data-shadow=\"none\" data-autoplay=\"\" data-autoplay-dur=\"\" data-free-scroll=\"\" data-controls=\"next_prev_arrows_overlaid\"><div class=\"flickity-viewport\"> <div class=\"flickity-slider\"><div class=\"cell\" data-lazy=\"false\"><img decoding=\"async\" width=\"640\" height=\"480\" src=\"https:\/\/denhamschool.cl\/wp-content\/uploads\/2025\/11\/DSCN4207.jpg\" class=\"skip-lazy nectar-lazy attachment-large\" alt=\"\" title=\"DSCN4207\" srcset=\"https:\/\/denhamschool.cl\/wp-content\/uploads\/2025\/11\/DSCN4207.jpg 640w, https:\/\/denhamschool.cl\/wp-content\/uploads\/2025\/11\/DSCN4207-300x225.jpg 300w, https:\/\/denhamschool.cl\/wp-content\/uploads\/2025\/11\/DSCN4207-16x12.jpg 16w\" sizes=\"(max-width: 640px) 100vw, 640px\" \/><\/div><div class=\"cell\" data-lazy=\"false\"><img decoding=\"async\" width=\"640\" height=\"480\" src=\"https:\/\/denhamschool.cl\/wp-content\/uploads\/2025\/11\/DSCN4216.jpg\" class=\"skip-lazy nectar-lazy attachment-large\" alt=\"\" title=\"DSCN4216\" srcset=\"https:\/\/denhamschool.cl\/wp-content\/uploads\/2025\/11\/DSCN4216.jpg 640w, https:\/\/denhamschool.cl\/wp-content\/uploads\/2025\/11\/DSCN4216-300x225.jpg 300w, https:\/\/denhamschool.cl\/wp-content\/uploads\/2025\/11\/DSCN4216-16x12.jpg 16w\" sizes=\"(max-width: 640px) 100vw, 640px\" \/><\/div><div class=\"cell\" data-lazy=\"false\"><img decoding=\"async\" width=\"640\" height=\"480\" src=\"https:\/\/denhamschool.cl\/wp-content\/uploads\/2025\/11\/DSCN4222.jpg\" class=\"skip-lazy nectar-lazy attachment-large\" alt=\"\" title=\"DSCN4222\" srcset=\"https:\/\/denhamschool.cl\/wp-content\/uploads\/2025\/11\/DSCN4222.jpg 640w, https:\/\/denhamschool.cl\/wp-content\/uploads\/2025\/11\/DSCN4222-300x225.jpg 300w, https:\/\/denhamschool.cl\/wp-content\/uploads\/2025\/11\/DSCN4222-16x12.jpg 16w\" sizes=\"(max-width: 640px) 100vw, 640px\" \/><\/div><div class=\"cell\" data-lazy=\"false\"><img decoding=\"async\" width=\"640\" height=\"480\" src=\"https:\/\/denhamschool.cl\/wp-content\/uploads\/2025\/11\/DSCN4231.jpg\" class=\"skip-lazy nectar-lazy attachment-large\" alt=\"\" title=\"DSCN4231\" srcset=\"https:\/\/denhamschool.cl\/wp-content\/uploads\/2025\/11\/DSCN4231.jpg 640w, https:\/\/denhamschool.cl\/wp-content\/uploads\/2025\/11\/DSCN4231-300x225.jpg 300w, https:\/\/denhamschool.cl\/wp-content\/uploads\/2025\/11\/DSCN4231-16x12.jpg 16w\" sizes=\"(max-width: 640px) 100vw, 640px\" \/><\/div><div class=\"cell\" data-lazy=\"false\"><img decoding=\"async\" width=\"640\" height=\"480\" src=\"https:\/\/denhamschool.cl\/wp-content\/uploads\/2025\/11\/DSCN4251.jpg\" class=\"skip-lazy nectar-lazy attachment-large\" alt=\"\" title=\"DSCN4251\" srcset=\"https:\/\/denhamschool.cl\/wp-content\/uploads\/2025\/11\/DSCN4251.jpg 640w, https:\/\/denhamschool.cl\/wp-content\/uploads\/2025\/11\/DSCN4251-300x225.jpg 300w, https:\/\/denhamschool.cl\/wp-content\/uploads\/2025\/11\/DSCN4251-16x12.jpg 16w\" sizes=\"(max-width: 640px) 100vw, 640px\" \/><\/div><div class=\"cell\" data-lazy=\"false\"><img decoding=\"async\" width=\"640\" height=\"480\" src=\"https:\/\/denhamschool.cl\/wp-content\/uploads\/2025\/11\/DSCN4253.jpg\" class=\"skip-lazy nectar-lazy attachment-large\" alt=\"\" title=\"DSCN4253\" srcset=\"https:\/\/denhamschool.cl\/wp-content\/uploads\/2025\/11\/DSCN4253.jpg 640w, https:\/\/denhamschool.cl\/wp-content\/uploads\/2025\/11\/DSCN4253-300x225.jpg 300w, https:\/\/denhamschool.cl\/wp-content\/uploads\/2025\/11\/DSCN4253-16x12.jpg 16w\" sizes=\"(max-width: 640px) 100vw, 640px\" \/><\/div><\/div><\/div><\/div><\/div>\n\t\t<\/div> \n\t<\/div> \n\t\t\t<\/div> \n\t\t<\/div>\n\t<\/div> \n<\/div><\/div>","protected":false},"excerpt":{"rendered":"Acto c\u00edvico, d\u00eda de los derechos del ni\u00f1o El pasado Lunes 10 de noviembre se realizo nuestro tradicional acto c\u00edvico realizado por los estudiantes de 2nd grade y Play group....","protected":false},"author":2,"featured_media":9479,"comment_status":"closed","ping_status":"open","sticky":false,"template":"","format":"standard","meta":{"footnotes":""},"categories":[1],"tags":[],"class_list":{"0":"post-9472","1":"post","2":"type-post","3":"status-publish","4":"format-standard","5":"has-post-thumbnail","7":"category-denham-school"},"yoast_head":"<!-- This site is optimized with the Yoast SEO plugin v26.9 - https:\/\/yoast.com\/product\/yoast-seo-wordpress\/ -->\n<title>Acto c\u00edvico, d\u00eda de los derechos del ni\u00f1o - Denham school<\/title>\n<meta name=\"robots\" content=\"index, follow, max-snippet:-1, max-image-preview:large, max-video-preview:-1\" \/>\n<link rel=\"canonical\" href=\"https:\/\/denhamschool.cl\/en\/acto-civico-dia-de-los-derechos-del-nino\/\" \/>\n<meta property=\"og:locale\" content=\"en_US\" \/>\n<meta property=\"og:type\" content=\"article\" \/>\n<meta property=\"og:title\" content=\"Acto c\u00edvico, d\u00eda de los derechos del ni\u00f1o - Denham school\" \/>\n<meta property=\"og:url\" content=\"https:\/\/denhamschool.cl\/en\/acto-civico-dia-de-los-derechos-del-nino\/\" \/>\n<meta property=\"og:site_name\" content=\"Denham school\" \/>\n<meta property=\"article:publisher\" content=\"https:\/\/www.facebook.com\/denhamschool\" \/>\n<meta property=\"article:published_time\" content=\"2025-11-17T19:52:07+00:00\" \/>\n<meta property=\"og:image\" content=\"https:\/\/denhamschool.cl\/wp-content\/uploads\/2025\/11\/derechos-del.jpg\" \/>\n\t<meta property=\"og:image:width\" content=\"1080\" \/>\n\t<meta property=\"og:image:height\" content=\"1080\" \/>\n\t<meta property=\"og:image:type\" content=\"image\/jpeg\" \/>\n<meta name=\"author\" content=\"rodrigo montiel\" \/>\n<meta name=\"twitter:card\" content=\"summary_large_image\" \/>\n<meta name=\"twitter:label1\" content=\"Written by\" \/>\n\t<meta name=\"twitter:data1\" content=\"rodrigo montiel\" \/>\n\t<meta name=\"twitter:label2\" content=\"Est. reading time\" \/>\n\t<meta name=\"twitter:data2\" content=\"7 minutes\" \/>\n<script type=\"application\/ld+json\" class=\"yoast-schema-graph\">{\"@context\":\"https:\/\/schema.org\",\"@graph\":[{\"@type\":\"Article\",\"@id\":\"https:\/\/denhamschool.cl\/acto-civico-dia-de-los-derechos-del-nino\/#article\",\"isPartOf\":{\"@id\":\"https:\/\/denhamschool.cl\/acto-civico-dia-de-los-derechos-del-nino\/\"},\"author\":{\"name\":\"rodrigo montiel\",\"@id\":\"https:\/\/denhamschool.cl\/#\/schema\/person\/34f1e23dad9e3f7d307b5c789ac5d23e\"},\"headline\":\"Acto c\u00edvico, d\u00eda de los derechos del ni\u00f1o\",\"datePublished\":\"2025-11-17T19:52:07+00:00\",\"mainEntityOfPage\":{\"@id\":\"https:\/\/denhamschool.cl\/acto-civico-dia-de-los-derechos-del-nino\/\"},\"wordCount\":1331,\"publisher\":{\"@id\":\"https:\/\/denhamschool.cl\/#organization\"},\"image\":{\"@id\":\"https:\/\/denhamschool.cl\/acto-civico-dia-de-los-derechos-del-nino\/#primaryimage\"},\"thumbnailUrl\":\"https:\/\/denhamschool.cl\/wp-content\/uploads\/2025\/11\/derechos-del.jpg\",\"articleSection\":[\"Denham school\"],\"inLanguage\":\"en-US\"},{\"@type\":\"WebPage\",\"@id\":\"https:\/\/denhamschool.cl\/acto-civico-dia-de-los-derechos-del-nino\/\",\"url\":\"https:\/\/denhamschool.cl\/acto-civico-dia-de-los-derechos-del-nino\/\",\"name\":\"Acto c\u00edvico, d\u00eda de los derechos del ni\u00f1o - Denham school\",\"isPartOf\":{\"@id\":\"https:\/\/denhamschool.cl\/#website\"},\"primaryImageOfPage\":{\"@id\":\"https:\/\/denhamschool.cl\/acto-civico-dia-de-los-derechos-del-nino\/#primaryimage\"},\"image\":{\"@id\":\"https:\/\/denhamschool.cl\/acto-civico-dia-de-los-derechos-del-nino\/#primaryimage\"},\"thumbnailUrl\":\"https:\/\/denhamschool.cl\/wp-content\/uploads\/2025\/11\/derechos-del.jpg\",\"datePublished\":\"2025-11-17T19:52:07+00:00\",\"breadcrumb\":{\"@id\":\"https:\/\/denhamschool.cl\/acto-civico-dia-de-los-derechos-del-nino\/#breadcrumb\"},\"inLanguage\":\"en-US\",\"potentialAction\":[{\"@type\":\"ReadAction\",\"target\":[\"https:\/\/denhamschool.cl\/acto-civico-dia-de-los-derechos-del-nino\/\"]}]},{\"@type\":\"ImageObject\",\"inLanguage\":\"en-US\",\"@id\":\"https:\/\/denhamschool.cl\/acto-civico-dia-de-los-derechos-del-nino\/#primaryimage\",\"url\":\"https:\/\/denhamschool.cl\/wp-content\/uploads\/2025\/11\/derechos-del.jpg\",\"contentUrl\":\"https:\/\/denhamschool.cl\/wp-content\/uploads\/2025\/11\/derechos-del.jpg\",\"width\":1080,\"height\":1080},{\"@type\":\"BreadcrumbList\",\"@id\":\"https:\/\/denhamschool.cl\/acto-civico-dia-de-los-derechos-del-nino\/#breadcrumb\",\"itemListElement\":[{\"@type\":\"ListItem\",\"position\":1,\"name\":\"Portada\",\"item\":\"https:\/\/denhamschool.cl\/\"},{\"@type\":\"ListItem\",\"position\":2,\"name\":\"Acto c\u00edvico, d\u00eda de los derechos del ni\u00f1o\"}]},{\"@type\":\"WebSite\",\"@id\":\"https:\/\/denhamschool.cl\/#website\",\"url\":\"https:\/\/denhamschool.cl\/\",\"name\":\"Denham school\",\"description\":\"\",\"publisher\":{\"@id\":\"https:\/\/denhamschool.cl\/#organization\"},\"potentialAction\":[{\"@type\":\"SearchAction\",\"target\":{\"@type\":\"EntryPoint\",\"urlTemplate\":\"https:\/\/denhamschool.cl\/?s={search_term_string}\"},\"query-input\":{\"@type\":\"PropertyValueSpecification\",\"valueRequired\":true,\"valueName\":\"search_term_string\"}}],\"inLanguage\":\"en-US\"},{\"@type\":\"Organization\",\"@id\":\"https:\/\/denhamschool.cl\/#organization\",\"name\":\"Denham school\",\"url\":\"https:\/\/denhamschool.cl\/\",\"logo\":{\"@type\":\"ImageObject\",\"inLanguage\":\"en-US\",\"@id\":\"https:\/\/denhamschool.cl\/#\/schema\/logo\/image\/\",\"url\":\"https:\/\/denhamschool.cl\/wp-content\/uploads\/2025\/11\/cropped-logo-ds_Mesa-de-trabajo-1-02.jpg\",\"contentUrl\":\"https:\/\/denhamschool.cl\/wp-content\/uploads\/2025\/11\/cropped-logo-ds_Mesa-de-trabajo-1-02.jpg\",\"width\":512,\"height\":512,\"caption\":\"Denham school\"},\"image\":{\"@id\":\"https:\/\/denhamschool.cl\/#\/schema\/logo\/image\/\"},\"sameAs\":[\"https:\/\/www.facebook.com\/denhamschool\",\"https:\/\/www.instagram.com\/denhamschool\",\"https:\/\/www.youtube.com\/@denhamschool2976\"]},{\"@type\":\"Person\",\"@id\":\"https:\/\/denhamschool.cl\/#\/schema\/person\/34f1e23dad9e3f7d307b5c789ac5d23e\",\"name\":\"rodrigo montiel\",\"image\":{\"@type\":\"ImageObject\",\"inLanguage\":\"en-US\",\"@id\":\"https:\/\/denhamschool.cl\/#\/schema\/person\/image\/\",\"url\":\"https:\/\/secure.gravatar.com\/avatar\/defbd2505b0aa4bb2c643d9712b4d13995e15404a36d17721f9e92d33f7fd3be?s=96&d=mm&r=g\",\"contentUrl\":\"https:\/\/secure.gravatar.com\/avatar\/defbd2505b0aa4bb2c643d9712b4d13995e15404a36d17721f9e92d33f7fd3be?s=96&d=mm&r=g\",\"caption\":\"rodrigo montiel\"},\"url\":\"https:\/\/denhamschool.cl\/en\/author\/rodrigomon\/\"}]}<\/script>\n<!-- \/ Yoast SEO plugin. -->","yoast_head_json":{"title":"Acto c\u00edvico, d\u00eda de los derechos del ni\u00f1o - Denham school","robots":{"index":"index","follow":"follow","max-snippet":"max-snippet:-1","max-image-preview":"max-image-preview:large","max-video-preview":"max-video-preview:-1"},"canonical":"https:\/\/denhamschool.cl\/en\/acto-civico-dia-de-los-derechos-del-nino\/","og_locale":"en_US","og_type":"article","og_title":"Acto c\u00edvico, d\u00eda de los derechos del ni\u00f1o - Denham school","og_url":"https:\/\/denhamschool.cl\/en\/acto-civico-dia-de-los-derechos-del-nino\/","og_site_name":"Denham school","article_publisher":"https:\/\/www.facebook.com\/denhamschool","article_published_time":"2025-11-17T19:52:07+00:00","og_image":[{"width":1080,"height":1080,"url":"https:\/\/denhamschool.cl\/wp-content\/uploads\/2025\/11\/derechos-del.jpg","type":"image\/jpeg"}],"author":"rodrigo montiel","twitter_card":"summary_large_image","twitter_misc":{"Written by":"rodrigo montiel","Est. reading time":"7 minutes"},"schema":{"@context":"https:\/\/schema.org","@graph":[{"@type":"Article","@id":"https:\/\/denhamschool.cl\/acto-civico-dia-de-los-derechos-del-nino\/#article","isPartOf":{"@id":"https:\/\/denhamschool.cl\/acto-civico-dia-de-los-derechos-del-nino\/"},"author":{"name":"rodrigo montiel","@id":"https:\/\/denhamschool.cl\/#\/schema\/person\/34f1e23dad9e3f7d307b5c789ac5d23e"},"headline":"Acto c\u00edvico, d\u00eda de los derechos del ni\u00f1o","datePublished":"2025-11-17T19:52:07+00:00","mainEntityOfPage":{"@id":"https:\/\/denhamschool.cl\/acto-civico-dia-de-los-derechos-del-nino\/"},"wordCount":1331,"publisher":{"@id":"https:\/\/denhamschool.cl\/#organization"},"image":{"@id":"https:\/\/denhamschool.cl\/acto-civico-dia-de-los-derechos-del-nino\/#primaryimage"},"thumbnailUrl":"https:\/\/denhamschool.cl\/wp-content\/uploads\/2025\/11\/derechos-del.jpg","articleSection":["Denham school"],"inLanguage":"en-US"},{"@type":"WebPage","@id":"https:\/\/denhamschool.cl\/acto-civico-dia-de-los-derechos-del-nino\/","url":"https:\/\/denhamschool.cl\/acto-civico-dia-de-los-derechos-del-nino\/","name":"Acto c\u00edvico, d\u00eda de los derechos del ni\u00f1o - Denham school","isPartOf":{"@id":"https:\/\/denhamschool.cl\/#website"},"primaryImageOfPage":{"@id":"https:\/\/denhamschool.cl\/acto-civico-dia-de-los-derechos-del-nino\/#primaryimage"},"image":{"@id":"https:\/\/denhamschool.cl\/acto-civico-dia-de-los-derechos-del-nino\/#primaryimage"},"thumbnailUrl":"https:\/\/denhamschool.cl\/wp-content\/uploads\/2025\/11\/derechos-del.jpg","datePublished":"2025-11-17T19:52:07+00:00","breadcrumb":{"@id":"https:\/\/denhamschool.cl\/acto-civico-dia-de-los-derechos-del-nino\/#breadcrumb"},"inLanguage":"en-US","potentialAction":[{"@type":"ReadAction","target":["https:\/\/denhamschool.cl\/acto-civico-dia-de-los-derechos-del-nino\/"]}]},{"@type":"ImageObject","inLanguage":"en-US","@id":"https:\/\/denhamschool.cl\/acto-civico-dia-de-los-derechos-del-nino\/#primaryimage","url":"https:\/\/denhamschool.cl\/wp-content\/uploads\/2025\/11\/derechos-del.jpg","contentUrl":"https:\/\/denhamschool.cl\/wp-content\/uploads\/2025\/11\/derechos-del.jpg","width":1080,"height":1080},{"@type":"BreadcrumbList","@id":"https:\/\/denhamschool.cl\/acto-civico-dia-de-los-derechos-del-nino\/#breadcrumb","itemListElement":[{"@type":"ListItem","position":1,"name":"Portada","item":"https:\/\/denhamschool.cl\/"},{"@type":"ListItem","position":2,"name":"Acto c\u00edvico, d\u00eda de los derechos del ni\u00f1o"}]},{"@type":"WebSite","@id":"https:\/\/denhamschool.cl\/#website","url":"https:\/\/denhamschool.cl\/","name":"Denham school","description":"","publisher":{"@id":"https:\/\/denhamschool.cl\/#organization"},"potentialAction":[{"@type":"SearchAction","target":{"@type":"EntryPoint","urlTemplate":"https:\/\/denhamschool.cl\/?s={search_term_string}"},"query-input":{"@type":"PropertyValueSpecification","valueRequired":true,"valueName":"search_term_string"}}],"inLanguage":"en-US"},{"@type":"Organization","@id":"https:\/\/denhamschool.cl\/#organization","name":"Denham school","url":"https:\/\/denhamschool.cl\/","logo":{"@type":"ImageObject","inLanguage":"en-US","@id":"https:\/\/denhamschool.cl\/#\/schema\/logo\/image\/","url":"https:\/\/denhamschool.cl\/wp-content\/uploads\/2025\/11\/cropped-logo-ds_Mesa-de-trabajo-1-02.jpg","contentUrl":"https:\/\/denhamschool.cl\/wp-content\/uploads\/2025\/11\/cropped-logo-ds_Mesa-de-trabajo-1-02.jpg","width":512,"height":512,"caption":"Denham school"},"image":{"@id":"https:\/\/denhamschool.cl\/#\/schema\/logo\/image\/"},"sameAs":["https:\/\/www.facebook.com\/denhamschool","https:\/\/www.instagram.com\/denhamschool","https:\/\/www.youtube.com\/@denhamschool2976"]},{"@type":"Person","@id":"https:\/\/denhamschool.cl\/#\/schema\/person\/34f1e23dad9e3f7d307b5c789ac5d23e","name":"rodrigo montiel","image":{"@type":"ImageObject","inLanguage":"en-US","@id":"https:\/\/denhamschool.cl\/#\/schema\/person\/image\/","url":"https:\/\/secure.gravatar.com\/avatar\/defbd2505b0aa4bb2c643d9712b4d13995e15404a36d17721f9e92d33f7fd3be?s=96&d=mm&r=g","contentUrl":"https:\/\/secure.gravatar.com\/avatar\/defbd2505b0aa4bb2c643d9712b4d13995e15404a36d17721f9e92d33f7fd3be?s=96&d=mm&r=g","caption":"rodrigo montiel"},"url":"https:\/\/denhamschool.cl\/en\/author\/rodrigomon\/"}]}},"_links":{"self":[{"href":"https:\/\/denhamschool.cl\/en\/wp-json\/wp\/v2\/posts\/9472","targetHints":{"allow":["GET"]}}],"collection":[{"href":"https:\/\/denhamschool.cl\/en\/wp-json\/wp\/v2\/posts"}],"about":[{"href":"https:\/\/denhamschool.cl\/en\/wp-json\/wp\/v2\/types\/post"}],"author":[{"embeddable":true,"href":"https:\/\/denhamschool.cl\/en\/wp-json\/wp\/v2\/users\/2"}],"replies":[{"embeddable":true,"href":"https:\/\/denhamschool.cl\/en\/wp-json\/wp\/v2\/comments?post=9472"}],"version-history":[{"count":1,"href":"https:\/\/denhamschool.cl\/en\/wp-json\/wp\/v2\/posts\/9472\/revisions"}],"predecessor-version":[{"id":9480,"href":"https:\/\/denhamschool.cl\/en\/wp-json\/wp\/v2\/posts\/9472\/revisions\/9480"}],"wp:featuredmedia":[{"embeddable":true,"href":"https:\/\/denhamschool.cl\/en\/wp-json\/wp\/v2\/media\/9479"}],"wp:attachment":[{"href":"https:\/\/denhamschool.cl\/en\/wp-json\/wp\/v2\/media?parent=9472"}],"wp:term":[{"taxonomy":"category","embeddable":true,"href":"https:\/\/denhamschool.cl\/en\/wp-json\/wp\/v2\/categories?post=9472"},{"taxonomy":"post_tag","embeddable":true,"href":"https:\/\/denhamschool.cl\/en\/wp-json\/wp\/v2\/tags?post=9472"}],"curies":[{"name":"wp","href":"https:\/\/api.w.org\/{rel}","templated":true}]}}