{"id":9226,"date":"2025-07-03T22:32:20","date_gmt":"2025-07-04T02:32:20","guid":{"rendered":"http:\/\/localhost:10003\/?p=9226"},"modified":"2025-11-13T17:18:04","modified_gmt":"2025-11-13T20:18:04","slug":"acto-civico-conmemoracion-del-dia-de-los-pueblos-indigenas","status":"publish","type":"post","link":"https:\/\/denhamschool.cl\/en\/acto-civico-conmemoracion-del-dia-de-los-pueblos-indigenas\/","title":{"rendered":"Civic Act, commemorating Indigenous Peoples' Day"},"content":{"rendered":"<div id=\"fws_69f2f91949121\"  data-column-margin=\"none\" data-midnight=\"dark\" data-top-percent=\"8%\" data-bottom-percent=\"8%\"  class=\"wpb_row vc_row-fluid vc_row full-width-section  top_padding_tablet_8pct top_padding_phone_7pct bottom_padding_tablet_8pct bottom_padding_phone_7pct\"  style=\"padding-top: calc(100vw * 0.08); padding-bottom: calc(100vw * 0.08); \"><div class=\"row-bg-wrap\" data-bg-animation=\"none\" data-bg-animation-delay=\"\" data-bg-overlay=\"false\"><div class=\"inner-wrap row-bg-layer\" ><div class=\"row-bg viewport-desktop\"  style=\"\"><\/div><\/div><\/div><div class=\"row_col_wrap_12 col span_12 dark left\">\n\t<div  class=\"vc_col-sm-6 wpb_column column_container vc_column_container col bottom_margin_tablet_10pct right_padding_desktop_15pct right_padding_phone_0px\"  data-padding-pos=\"all\" data-has-bg-color=\"false\" data-bg-color=\"\" data-bg-opacity=\"1\" data-animation=\"\" data-delay=\"0\" >\n\t\t<div class=\"vc_column-inner\" >\n\t\t\t<div class=\"wpb_wrapper\">\n\t\t\t\t<div id=\"fws_69f2f91949a61\" data-midnight=\"\" data-column-margin=\"none\" class=\"wpb_row vc_row-fluid vc_row inner_row  right_padding_10pct right_padding_tablet_5pct right_padding_phone_3pct\"  style=\"\"><div class=\"row-bg-wrap\"> <div class=\"row-bg\" ><\/div> <\/div><div class=\"row_col_wrap_12_inner col span_12  left\">\n\t<div  class=\"vc_col-sm-12 wpb_column column_container vc_column_container col child_column no-extra-padding el_spacing_0px inherit_tablet inherit_phone\"   data-padding-pos=\"all\" data-has-bg-color=\"false\" data-bg-color=\"\" data-bg-opacity=\"1\" data-animation=\"\" data-delay=\"0\" >\n\t\t<div class=\"vc_column-inner\" >\n\t\t<div class=\"wpb_wrapper\">\n\t\t\t<div class=\"nectar-responsive-text font_size_max_50px font_size_desktop_3vw font_size_tablet_4vw font_size_phone_6vw font_line_height_1-2 nectar-link-underline-effect\"><h2 class=\"article-title\">Civic Act, commemorating Indigenous Peoples' Day<\/h2>\n<\/div><div class=\"divider-wrap\" data-alignment=\"default\"><div style=\"height: 20px;\" class=\"divider\"><\/div><\/div><div class=\"nectar-responsive-text font_size_min_16px font_size_max_20px font_size_desktop_1-1vw font_line_height_1-6 nectar-link-underline-effect\"><p>On June 16th, the civic ceremony was held to commemorate Indigenous Peoples\u2019 Day in our country, organized by 7th Blue. In addition, the importance of the value of diversity was highlighted, and the winners of the chess tournament held at our school were awarded.<\/p>\n<p>In Chile, Law No. 21,357 established Indigenous Peoples\u2019 Day at the beginning of the winter solstice, between June 21st and 24th of each year. This date is characterized by rituals and ceremonies of renewal and purification, celebrating the sun\u2019s approach to the Earth and the beginning of a new sowing season.<\/p>\n<p>t is celebrated by the Mapuche and Aymara peoples, and also includes the Atacame\u00f1o, Colla, Quechua, Rapa Nui, Y\u00e1mana or Yag\u00e1n, Kawashkar or Alacalufe, among others.<\/p>\n<\/div>\n\t\t<\/div> \n\t<\/div>\n\t<\/div> \n<\/div><\/div><div id=\"fws_69f2f9194a7b4\" data-midnight=\"\" data-column-margin=\"default\" class=\"wpb_row vc_row-fluid vc_row inner_row  top_padding_tablet_5vw top_padding_phone_6vw\"  style=\"padding-top: 2vw; \"><div class=\"row-bg-wrap\"> <div class=\"row-bg\" ><\/div> <\/div><div class=\"row_col_wrap_12_inner col span_12  left\">\n\t<div  class=\"vc_col-sm-12 wpb_column column_container vc_column_container col child_column no-extra-padding column_element_direction_desktop_horizontal column_element_direction_tablet_horizontal column_element_direction_phone_horizontal el_spacing_20px inherit_tablet inherit_phone\"   data-padding-pos=\"all\" data-has-bg-color=\"false\" data-bg-color=\"\" data-bg-opacity=\"1\" data-animation=\"\" data-delay=\"0\" >\n\t\t<div class=\"vc_column-inner\" >\n\t\t<div class=\"wpb_wrapper\">\n\t\t\t<div class=\"nectar-cta  alignment_tablet_default alignment_phone_default display_tablet_inherit display_phone_inherit font_size_desktop_1-1vw font_size_tablet_14px\" data-color=\"accent-color\" data-using-bg=\"true\" data-display=\"inline\" data-style=\"underline\" data-alignment=\"left\" data-text-color=\"custom\" style=\"margin-right: 0.8em; \"><span style=\"color: #ffffff;\" class=\"nectar-button-type\"> <span class=\"link_wrap\" style=\"padding-top: 0.8em; padding-right: 2.2em; padding-bottom: 0.8em; padding-left: 2.2em;\"><a target=\"_blank\" class=\"link_text\" style=\"border-color: #ffffff;\" role=\"button\" href=\"https:\/\/drive.google.com\/drive\/folders\/1Zwk0cFc8YsJODcYEq3roBjogLZa-R4-Y\">View All Photos<\/a><\/span><\/span><\/div><div class=\"nectar-cta  alignment_tablet_default alignment_phone_default display_tablet_inherit display_phone_inherit font_size_desktop_1-1vw font_size_tablet_16px\" data-color=\"default\" data-using-bg=\"false\" data-display=\"inline\" data-style=\"underline\" data-alignment=\"left\" data-text-color=\"custom\" ><span style=\"color: #000000;\" class=\"nectar-button-type\"> <span class=\"link_wrap\" style=\"padding-top: 4px; padding-bottom: 4px; \"><a  class=\"link_text\" style=\"border-color: #000000;\" role=\"button\" href=\"https:\/\/denhamschool.cl\/en\/news\/\">News<\/a><\/span><\/span><\/div>\n\t\t<\/div> \n\t<\/div>\n\t<\/div> \n<\/div><\/div>\n\t\t\t<\/div> \n\t\t<\/div>\n\t<\/div> \n\n\t<div style=\"\" class=\"vc_col-sm-6 wpb_column column_container vc_column_container col padding-5-percent column_position_relative el_spacing_0px inherit_tablet inherit_phone\" data-using-bg=\"true\" data-border-radius=\"20px\" data-padding-pos=\"top\" data-has-bg-color=\"true\" data-bg-color=\"#ffffff\" data-bg-opacity=\"1\" data-animation=\"\" data-delay=\"0\" >\n\t\t<div class=\"vc_column-inner\" ><div class=\"column-bg-overlay-wrap column-bg-layer\" data-bg-animation=\"none\"><div class=\"column-bg-overlay\" style=\"opacity: 1; background-color: #ffffff;\"><\/div><\/div>\n\t\t\t<div class=\"wpb_wrapper\">\n\t\t\t\t<div class=\"img-with-aniamtion-wrap\" data-max-width=\"100%\" data-max-width-mobile=\"default\" data-shadow=\"none\" data-animation=\"fade-in-from-bottom\" >\n      <div class=\"inner\">\n        <div class=\"hover-wrap\"> \n          <div class=\"hover-wrap-inner\">\n            <img decoding=\"async\" class=\"img-with-animation skip-lazy\" data-delay=\"0\" height=\"1181\" width=\"1181\" data-animation=\"fade-in-from-bottom\" src=\"https:\/\/denhamschool.cl\/wp-content\/uploads\/2025\/07\/Pueblos.png\" alt=\"\" srcset=\"https:\/\/denhamschool.cl\/wp-content\/uploads\/2025\/07\/Pueblos.png 1181w, https:\/\/denhamschool.cl\/wp-content\/uploads\/2025\/07\/Pueblos-300x300.png 300w, https:\/\/denhamschool.cl\/wp-content\/uploads\/2025\/07\/Pueblos-1024x1024.png 1024w, https:\/\/denhamschool.cl\/wp-content\/uploads\/2025\/07\/Pueblos-150x150.png 150w, https:\/\/denhamschool.cl\/wp-content\/uploads\/2025\/07\/Pueblos-768x768.png 768w, https:\/\/denhamschool.cl\/wp-content\/uploads\/2025\/07\/Pueblos-12x12.png 12w, https:\/\/denhamschool.cl\/wp-content\/uploads\/2025\/07\/Pueblos-140x140.png 140w, https:\/\/denhamschool.cl\/wp-content\/uploads\/2025\/07\/Pueblos-100x100.png 100w, https:\/\/denhamschool.cl\/wp-content\/uploads\/2025\/07\/Pueblos-500x500.png 500w, https:\/\/denhamschool.cl\/wp-content\/uploads\/2025\/07\/Pueblos-350x350.png 350w, https:\/\/denhamschool.cl\/wp-content\/uploads\/2025\/07\/Pueblos-1000x1000.png 1000w, https:\/\/denhamschool.cl\/wp-content\/uploads\/2025\/07\/Pueblos-800x800.png 800w\" sizes=\"(max-width: 1181px) 100vw, 1181px\" \/>\n          <\/div>\n        <\/div>\n      <\/div>\n    <\/div>\n\t\t\t<\/div> \n\t\t<\/div>\n\t<\/div> \n<\/div><\/div>\n\t\t<div id=\"fws_69f2f9194c2cb\"  data-column-margin=\"default\" data-midnight=\"dark\"  class=\"wpb_row vc_row-fluid vc_row\"  style=\"padding-top: 0px; padding-bottom: 0px; \"><div class=\"row-bg-wrap\" data-bg-animation=\"none\" data-bg-animation-delay=\"\" data-bg-overlay=\"false\"><div class=\"inner-wrap row-bg-layer\" ><div class=\"row-bg viewport-desktop\"  style=\"\"><\/div><\/div><\/div><div class=\"row_col_wrap_12 col span_12 dark left\">\n\t<div  class=\"vc_col-sm-12 wpb_column column_container vc_column_container col no-extra-padding inherit_tablet inherit_phone\"  data-padding-pos=\"all\" data-has-bg-color=\"false\" data-bg-color=\"\" data-bg-opacity=\"1\" data-animation=\"\" data-delay=\"0\" >\n\t\t<div class=\"vc_column-inner\" >\n\t\t\t<div class=\"wpb_wrapper\">\n\t\t\t\t\n\t<div class=\"wpb_gallery wpb_content_element clearfix\">\n\t\t<div class=\"wpb_wrapper\"><div class=\"wpb_gallery_slidesflickity_static_height_style\" data-onclick=\"link_no\" data-interval=\"5\"><style>.wpb_gallery_slidesflickity_static_height_style .nectar-flickity.instace-69f2f9194cee2:not(.masonry) .flickity-slider .cell img {\n      height: 500px;\n    }\n    @media only screen and (max-width: 1300px) {\n      .wpb_gallery_slidesflickity_static_height_style .nectar-flickity.instace-69f2f9194cee2:not(.masonry) .flickity-slider .cell img {\n        height: 400px;\n      }\n    }\n    @media only screen and (max-width: 1000px) {\n      .wpb_gallery_slidesflickity_static_height_style .nectar-flickity.instace-69f2f9194cee2:not(.masonry) .flickity-slider .cell img {\n        height: 350px;\n      }\n    }\n    @media only screen and (max-width: 690px) {\n      .wpb_gallery_slidesflickity_static_height_style .nectar-flickity.instace-69f2f9194cee2:not(.masonry) .flickity-slider .cell img {\n        height: 300px;\n      }\n    }<\/style><div class=\"nectar-flickity not-initialized instace-69f2f9194cee2\"  data-touch-icon-color=\"default\" data-drag-scale=\"\" data-overflow=\"hidden\" data-wrap=\"wrap\" data-spacing=\"default\" data-shadow=\"none\" data-autoplay=\"\" data-autoplay-dur=\"\" data-free-scroll=\"\" data-controls=\"next_prev_arrows_overlaid\"><div class=\"flickity-viewport\"> <div class=\"flickity-slider\"><div class=\"cell\" data-lazy=\"false\"><img decoding=\"async\" width=\"576\" height=\"432\" src=\"https:\/\/denhamschool.cl\/wp-content\/uploads\/2025\/07\/DSCN1531.jpg\" class=\"skip-lazy nectar-lazy attachment-large\" alt=\"\" title=\"DSCN1531\" srcset=\"https:\/\/denhamschool.cl\/wp-content\/uploads\/2025\/07\/DSCN1531.jpg 576w, https:\/\/denhamschool.cl\/wp-content\/uploads\/2025\/07\/DSCN1531-300x225.jpg 300w, https:\/\/denhamschool.cl\/wp-content\/uploads\/2025\/07\/DSCN1531-16x12.jpg 16w\" sizes=\"(max-width: 576px) 100vw, 576px\" \/><\/div><div class=\"cell\" data-lazy=\"false\"><img decoding=\"async\" width=\"576\" height=\"432\" src=\"https:\/\/denhamschool.cl\/wp-content\/uploads\/2025\/07\/DSCN1481.jpg\" class=\"skip-lazy nectar-lazy attachment-large\" alt=\"\" title=\"DSCN1481\" srcset=\"https:\/\/denhamschool.cl\/wp-content\/uploads\/2025\/07\/DSCN1481.jpg 576w, https:\/\/denhamschool.cl\/wp-content\/uploads\/2025\/07\/DSCN1481-300x225.jpg 300w, https:\/\/denhamschool.cl\/wp-content\/uploads\/2025\/07\/DSCN1481-16x12.jpg 16w\" sizes=\"(max-width: 576px) 100vw, 576px\" \/><\/div><div class=\"cell\" data-lazy=\"false\"><img decoding=\"async\" width=\"576\" height=\"432\" src=\"https:\/\/denhamschool.cl\/wp-content\/uploads\/2025\/07\/DSCN1486.jpg\" class=\"skip-lazy nectar-lazy attachment-large\" alt=\"\" title=\"DSCN1486\" srcset=\"https:\/\/denhamschool.cl\/wp-content\/uploads\/2025\/07\/DSCN1486.jpg 576w, https:\/\/denhamschool.cl\/wp-content\/uploads\/2025\/07\/DSCN1486-300x225.jpg 300w, https:\/\/denhamschool.cl\/wp-content\/uploads\/2025\/07\/DSCN1486-16x12.jpg 16w\" sizes=\"(max-width: 576px) 100vw, 576px\" \/><\/div><div class=\"cell\" data-lazy=\"false\"><img decoding=\"async\" width=\"576\" height=\"432\" src=\"https:\/\/denhamschool.cl\/wp-content\/uploads\/2025\/07\/DSCN1487.jpg\" class=\"skip-lazy nectar-lazy attachment-large\" alt=\"\" title=\"DSCN1487\" srcset=\"https:\/\/denhamschool.cl\/wp-content\/uploads\/2025\/07\/DSCN1487.jpg 576w, https:\/\/denhamschool.cl\/wp-content\/uploads\/2025\/07\/DSCN1487-300x225.jpg 300w, https:\/\/denhamschool.cl\/wp-content\/uploads\/2025\/07\/DSCN1487-16x12.jpg 16w\" sizes=\"(max-width: 576px) 100vw, 576px\" \/><\/div><div class=\"cell\" data-lazy=\"false\"><img decoding=\"async\" width=\"576\" height=\"432\" src=\"https:\/\/denhamschool.cl\/wp-content\/uploads\/2025\/07\/DSCN1488.jpg\" class=\"skip-lazy nectar-lazy attachment-large\" alt=\"\" title=\"DSCN1488\" srcset=\"https:\/\/denhamschool.cl\/wp-content\/uploads\/2025\/07\/DSCN1488.jpg 576w, https:\/\/denhamschool.cl\/wp-content\/uploads\/2025\/07\/DSCN1488-300x225.jpg 300w, https:\/\/denhamschool.cl\/wp-content\/uploads\/2025\/07\/DSCN1488-16x12.jpg 16w\" sizes=\"(max-width: 576px) 100vw, 576px\" \/><\/div><div class=\"cell\" data-lazy=\"false\"><img decoding=\"async\" width=\"576\" height=\"432\" src=\"https:\/\/denhamschool.cl\/wp-content\/uploads\/2025\/07\/DSCN1489.jpg\" class=\"skip-lazy nectar-lazy attachment-large\" alt=\"\" title=\"DSCN1489\" srcset=\"https:\/\/denhamschool.cl\/wp-content\/uploads\/2025\/07\/DSCN1489.jpg 576w, https:\/\/denhamschool.cl\/wp-content\/uploads\/2025\/07\/DSCN1489-300x225.jpg 300w, https:\/\/denhamschool.cl\/wp-content\/uploads\/2025\/07\/DSCN1489-16x12.jpg 16w\" sizes=\"(max-width: 576px) 100vw, 576px\" \/><\/div><div class=\"cell\" data-lazy=\"false\"><img decoding=\"async\" width=\"576\" height=\"432\" src=\"https:\/\/denhamschool.cl\/wp-content\/uploads\/2025\/07\/DSCN1490.jpg\" class=\"skip-lazy nectar-lazy attachment-large\" alt=\"\" title=\"DSCN1490\" srcset=\"https:\/\/denhamschool.cl\/wp-content\/uploads\/2025\/07\/DSCN1490.jpg 576w, https:\/\/denhamschool.cl\/wp-content\/uploads\/2025\/07\/DSCN1490-300x225.jpg 300w, https:\/\/denhamschool.cl\/wp-content\/uploads\/2025\/07\/DSCN1490-16x12.jpg 16w\" sizes=\"(max-width: 576px) 100vw, 576px\" \/><\/div><div class=\"cell\" data-lazy=\"false\"><img decoding=\"async\" width=\"576\" height=\"432\" src=\"https:\/\/denhamschool.cl\/wp-content\/uploads\/2025\/07\/DSCN1495.jpg\" class=\"skip-lazy nectar-lazy attachment-large\" alt=\"\" title=\"DSCN1495\" srcset=\"https:\/\/denhamschool.cl\/wp-content\/uploads\/2025\/07\/DSCN1495.jpg 576w, https:\/\/denhamschool.cl\/wp-content\/uploads\/2025\/07\/DSCN1495-300x225.jpg 300w, https:\/\/denhamschool.cl\/wp-content\/uploads\/2025\/07\/DSCN1495-16x12.jpg 16w\" sizes=\"(max-width: 576px) 100vw, 576px\" \/><\/div><div class=\"cell\" data-lazy=\"false\"><img decoding=\"async\" width=\"576\" height=\"432\" src=\"https:\/\/denhamschool.cl\/wp-content\/uploads\/2025\/07\/DSCN1499.jpg\" class=\"skip-lazy nectar-lazy attachment-large\" alt=\"\" title=\"DSCN1499\" srcset=\"https:\/\/denhamschool.cl\/wp-content\/uploads\/2025\/07\/DSCN1499.jpg 576w, https:\/\/denhamschool.cl\/wp-content\/uploads\/2025\/07\/DSCN1499-300x225.jpg 300w, https:\/\/denhamschool.cl\/wp-content\/uploads\/2025\/07\/DSCN1499-16x12.jpg 16w\" sizes=\"(max-width: 576px) 100vw, 576px\" \/><\/div><div class=\"cell\" data-lazy=\"false\"><img decoding=\"async\" width=\"576\" height=\"432\" src=\"https:\/\/denhamschool.cl\/wp-content\/uploads\/2025\/07\/DSCN1507.jpg\" class=\"skip-lazy nectar-lazy attachment-large\" alt=\"\" title=\"DSCN1507\" srcset=\"https:\/\/denhamschool.cl\/wp-content\/uploads\/2025\/07\/DSCN1507.jpg 576w, https:\/\/denhamschool.cl\/wp-content\/uploads\/2025\/07\/DSCN1507-300x225.jpg 300w, https:\/\/denhamschool.cl\/wp-content\/uploads\/2025\/07\/DSCN1507-16x12.jpg 16w\" sizes=\"(max-width: 576px) 100vw, 576px\" \/><\/div><div class=\"cell\" data-lazy=\"false\"><img decoding=\"async\" width=\"576\" height=\"432\" src=\"https:\/\/denhamschool.cl\/wp-content\/uploads\/2025\/07\/DSCN1511.jpg\" class=\"skip-lazy nectar-lazy attachment-large\" alt=\"\" title=\"DSCN1511\" srcset=\"https:\/\/denhamschool.cl\/wp-content\/uploads\/2025\/07\/DSCN1511.jpg 576w, https:\/\/denhamschool.cl\/wp-content\/uploads\/2025\/07\/DSCN1511-300x225.jpg 300w, https:\/\/denhamschool.cl\/wp-content\/uploads\/2025\/07\/DSCN1511-16x12.jpg 16w\" sizes=\"(max-width: 576px) 100vw, 576px\" \/><\/div><div class=\"cell\" data-lazy=\"false\"><img decoding=\"async\" width=\"576\" height=\"432\" src=\"https:\/\/denhamschool.cl\/wp-content\/uploads\/2025\/07\/DSCN1514.jpg\" class=\"skip-lazy nectar-lazy attachment-large\" alt=\"\" title=\"DSCN1514\" srcset=\"https:\/\/denhamschool.cl\/wp-content\/uploads\/2025\/07\/DSCN1514.jpg 576w, https:\/\/denhamschool.cl\/wp-content\/uploads\/2025\/07\/DSCN1514-300x225.jpg 300w, https:\/\/denhamschool.cl\/wp-content\/uploads\/2025\/07\/DSCN1514-16x12.jpg 16w\" sizes=\"(max-width: 576px) 100vw, 576px\" \/><\/div><div class=\"cell\" data-lazy=\"false\"><img decoding=\"async\" width=\"576\" height=\"432\" src=\"https:\/\/denhamschool.cl\/wp-content\/uploads\/2025\/07\/DSCN1522.jpg\" class=\"skip-lazy nectar-lazy attachment-large\" alt=\"\" title=\"DSCN1522\" srcset=\"https:\/\/denhamschool.cl\/wp-content\/uploads\/2025\/07\/DSCN1522.jpg 576w, https:\/\/denhamschool.cl\/wp-content\/uploads\/2025\/07\/DSCN1522-300x225.jpg 300w, https:\/\/denhamschool.cl\/wp-content\/uploads\/2025\/07\/DSCN1522-16x12.jpg 16w\" sizes=\"(max-width: 576px) 100vw, 576px\" \/><\/div><div class=\"cell\" data-lazy=\"false\"><img decoding=\"async\" width=\"576\" height=\"432\" src=\"https:\/\/denhamschool.cl\/wp-content\/uploads\/2025\/07\/DSCN1525.jpg\" class=\"skip-lazy nectar-lazy attachment-large\" alt=\"\" title=\"DSCN1525\" srcset=\"https:\/\/denhamschool.cl\/wp-content\/uploads\/2025\/07\/DSCN1525.jpg 576w, https:\/\/denhamschool.cl\/wp-content\/uploads\/2025\/07\/DSCN1525-300x225.jpg 300w, https:\/\/denhamschool.cl\/wp-content\/uploads\/2025\/07\/DSCN1525-16x12.jpg 16w\" sizes=\"(max-width: 576px) 100vw, 576px\" \/><\/div><div class=\"cell\" data-lazy=\"false\"><img decoding=\"async\" width=\"576\" height=\"432\" src=\"https:\/\/denhamschool.cl\/wp-content\/uploads\/2025\/07\/DSCN1527.jpg\" class=\"skip-lazy nectar-lazy attachment-large\" alt=\"\" title=\"DSCN1527\" srcset=\"https:\/\/denhamschool.cl\/wp-content\/uploads\/2025\/07\/DSCN1527.jpg 576w, https:\/\/denhamschool.cl\/wp-content\/uploads\/2025\/07\/DSCN1527-300x225.jpg 300w, https:\/\/denhamschool.cl\/wp-content\/uploads\/2025\/07\/DSCN1527-16x12.jpg 16w\" sizes=\"(max-width: 576px) 100vw, 576px\" \/><\/div><div class=\"cell\" data-lazy=\"false\"><img decoding=\"async\" width=\"576\" height=\"432\" src=\"https:\/\/denhamschool.cl\/wp-content\/uploads\/2025\/07\/DSCN1528.jpg\" class=\"skip-lazy nectar-lazy attachment-large\" alt=\"\" title=\"DSCN1528\" srcset=\"https:\/\/denhamschool.cl\/wp-content\/uploads\/2025\/07\/DSCN1528.jpg 576w, https:\/\/denhamschool.cl\/wp-content\/uploads\/2025\/07\/DSCN1528-300x225.jpg 300w, https:\/\/denhamschool.cl\/wp-content\/uploads\/2025\/07\/DSCN1528-16x12.jpg 16w\" sizes=\"(max-width: 576px) 100vw, 576px\" \/><\/div><\/div><\/div><\/div><\/div>\n\t\t<\/div> \n\t<\/div> \n\t\t\t<\/div> \n\t\t<\/div>\n\t<\/div> \n<\/div><\/div>","protected":false},"excerpt":{"rendered":"Acto c\u00edvico, conmemoraci\u00f3n del d\u00eda de los pueblos indigenas El pasado 16 de Junio se realizo el acto c\u00edvico correspondiente a la conmemoraci\u00f3n del d\u00eda de los pueblos indigenas en...","protected":false},"author":1,"featured_media":9339,"comment_status":"closed","ping_status":"open","sticky":false,"template":"","format":"standard","meta":{"footnotes":""},"categories":[1],"tags":[],"class_list":{"0":"post-9226","1":"post","2":"type-post","3":"status-publish","4":"format-standard","5":"has-post-thumbnail","7":"category-denham-school"},"yoast_head":"<!-- This site is optimized with the Yoast SEO plugin v26.9 - https:\/\/yoast.com\/product\/yoast-seo-wordpress\/ -->\n<title>Acto c\u00edvico, conmemoraci\u00f3n del d\u00eda de los pueblos indigenas - Denham school<\/title>\n<meta name=\"robots\" content=\"index, follow, max-snippet:-1, max-image-preview:large, max-video-preview:-1\" \/>\n<link rel=\"canonical\" href=\"https:\/\/denhamschool.cl\/en\/acto-civico-conmemoracion-del-dia-de-los-pueblos-indigenas\/\" \/>\n<meta property=\"og:locale\" content=\"en_US\" \/>\n<meta property=\"og:type\" content=\"article\" \/>\n<meta property=\"og:title\" content=\"Acto c\u00edvico, conmemoraci\u00f3n del d\u00eda de los pueblos indigenas - Denham school\" \/>\n<meta property=\"og:url\" content=\"https:\/\/denhamschool.cl\/en\/acto-civico-conmemoracion-del-dia-de-los-pueblos-indigenas\/\" \/>\n<meta property=\"og:site_name\" content=\"Denham school\" \/>\n<meta property=\"article:publisher\" content=\"https:\/\/www.facebook.com\/denhamschool\" \/>\n<meta property=\"article:published_time\" content=\"2025-07-04T02:32:20+00:00\" \/>\n<meta property=\"article:modified_time\" content=\"2025-11-13T20:18:04+00:00\" \/>\n<meta property=\"og:image\" content=\"https:\/\/denhamschool.cl\/wp-content\/uploads\/2025\/07\/Pueblos.png\" \/>\n\t<meta property=\"og:image:width\" content=\"1181\" \/>\n\t<meta property=\"og:image:height\" content=\"1181\" \/>\n\t<meta property=\"og:image:type\" content=\"image\/png\" \/>\n<meta name=\"author\" content=\"Denham school\" \/>\n<meta name=\"twitter:card\" content=\"summary_large_image\" \/>\n<meta name=\"twitter:label1\" content=\"Written by\" \/>\n\t<meta name=\"twitter:data1\" content=\"Denham school\" \/>\n\t<meta name=\"twitter:label2\" content=\"Est. reading time\" \/>\n\t<meta name=\"twitter:data2\" content=\"6 minutes\" \/>\n<script type=\"application\/ld+json\" class=\"yoast-schema-graph\">{\"@context\":\"https:\/\/schema.org\",\"@graph\":[{\"@type\":\"Article\",\"@id\":\"https:\/\/denhamschool.cl\/acto-civico-conmemoracion-del-dia-de-los-pueblos-indigenas\/#article\",\"isPartOf\":{\"@id\":\"https:\/\/denhamschool.cl\/acto-civico-conmemoracion-del-dia-de-los-pueblos-indigenas\/\"},\"author\":{\"name\":\"Denham school\",\"@id\":\"https:\/\/denhamschool.cl\/#\/schema\/person\/b9aa4d11e0fdf8be3fef52656d4be5a5\"},\"headline\":\"Acto c\u00edvico, conmemoraci\u00f3n del d\u00eda de los pueblos indigenas\",\"datePublished\":\"2025-07-04T02:32:20+00:00\",\"dateModified\":\"2025-11-13T20:18:04+00:00\",\"mainEntityOfPage\":{\"@id\":\"https:\/\/denhamschool.cl\/acto-civico-conmemoracion-del-dia-de-los-pueblos-indigenas\/\"},\"wordCount\":1233,\"publisher\":{\"@id\":\"https:\/\/denhamschool.cl\/#organization\"},\"image\":{\"@id\":\"https:\/\/denhamschool.cl\/acto-civico-conmemoracion-del-dia-de-los-pueblos-indigenas\/#primaryimage\"},\"thumbnailUrl\":\"https:\/\/denhamschool.cl\/wp-content\/uploads\/2025\/07\/Pueblos.png\",\"articleSection\":[\"Denham school\"],\"inLanguage\":\"en-US\"},{\"@type\":\"WebPage\",\"@id\":\"https:\/\/denhamschool.cl\/acto-civico-conmemoracion-del-dia-de-los-pueblos-indigenas\/\",\"url\":\"https:\/\/denhamschool.cl\/acto-civico-conmemoracion-del-dia-de-los-pueblos-indigenas\/\",\"name\":\"Acto c\u00edvico, conmemoraci\u00f3n del d\u00eda de los pueblos indigenas - Denham school\",\"isPartOf\":{\"@id\":\"https:\/\/denhamschool.cl\/#website\"},\"primaryImageOfPage\":{\"@id\":\"https:\/\/denhamschool.cl\/acto-civico-conmemoracion-del-dia-de-los-pueblos-indigenas\/#primaryimage\"},\"image\":{\"@id\":\"https:\/\/denhamschool.cl\/acto-civico-conmemoracion-del-dia-de-los-pueblos-indigenas\/#primaryimage\"},\"thumbnailUrl\":\"https:\/\/denhamschool.cl\/wp-content\/uploads\/2025\/07\/Pueblos.png\",\"datePublished\":\"2025-07-04T02:32:20+00:00\",\"dateModified\":\"2025-11-13T20:18:04+00:00\",\"breadcrumb\":{\"@id\":\"https:\/\/denhamschool.cl\/acto-civico-conmemoracion-del-dia-de-los-pueblos-indigenas\/#breadcrumb\"},\"inLanguage\":\"en-US\",\"potentialAction\":[{\"@type\":\"ReadAction\",\"target\":[\"https:\/\/denhamschool.cl\/acto-civico-conmemoracion-del-dia-de-los-pueblos-indigenas\/\"]}]},{\"@type\":\"ImageObject\",\"inLanguage\":\"en-US\",\"@id\":\"https:\/\/denhamschool.cl\/acto-civico-conmemoracion-del-dia-de-los-pueblos-indigenas\/#primaryimage\",\"url\":\"https:\/\/denhamschool.cl\/wp-content\/uploads\/2025\/07\/Pueblos.png\",\"contentUrl\":\"https:\/\/denhamschool.cl\/wp-content\/uploads\/2025\/07\/Pueblos.png\",\"width\":1181,\"height\":1181},{\"@type\":\"BreadcrumbList\",\"@id\":\"https:\/\/denhamschool.cl\/acto-civico-conmemoracion-del-dia-de-los-pueblos-indigenas\/#breadcrumb\",\"itemListElement\":[{\"@type\":\"ListItem\",\"position\":1,\"name\":\"Portada\",\"item\":\"https:\/\/denhamschool.cl\/\"},{\"@type\":\"ListItem\",\"position\":2,\"name\":\"Acto c\u00edvico, conmemoraci\u00f3n del d\u00eda de los pueblos indigenas\"}]},{\"@type\":\"WebSite\",\"@id\":\"https:\/\/denhamschool.cl\/#website\",\"url\":\"https:\/\/denhamschool.cl\/\",\"name\":\"Denham school\",\"description\":\"\",\"publisher\":{\"@id\":\"https:\/\/denhamschool.cl\/#organization\"},\"potentialAction\":[{\"@type\":\"SearchAction\",\"target\":{\"@type\":\"EntryPoint\",\"urlTemplate\":\"https:\/\/denhamschool.cl\/?s={search_term_string}\"},\"query-input\":{\"@type\":\"PropertyValueSpecification\",\"valueRequired\":true,\"valueName\":\"search_term_string\"}}],\"inLanguage\":\"en-US\"},{\"@type\":\"Organization\",\"@id\":\"https:\/\/denhamschool.cl\/#organization\",\"name\":\"Denham school\",\"url\":\"https:\/\/denhamschool.cl\/\",\"logo\":{\"@type\":\"ImageObject\",\"inLanguage\":\"en-US\",\"@id\":\"https:\/\/denhamschool.cl\/#\/schema\/logo\/image\/\",\"url\":\"https:\/\/denhamschool.cl\/wp-content\/uploads\/2025\/11\/cropped-logo-ds_Mesa-de-trabajo-1-02.jpg\",\"contentUrl\":\"https:\/\/denhamschool.cl\/wp-content\/uploads\/2025\/11\/cropped-logo-ds_Mesa-de-trabajo-1-02.jpg\",\"width\":512,\"height\":512,\"caption\":\"Denham school\"},\"image\":{\"@id\":\"https:\/\/denhamschool.cl\/#\/schema\/logo\/image\/\"},\"sameAs\":[\"https:\/\/www.facebook.com\/denhamschool\",\"https:\/\/www.instagram.com\/denhamschool\",\"https:\/\/www.youtube.com\/@denhamschool2976\"]},{\"@type\":\"Person\",\"@id\":\"https:\/\/denhamschool.cl\/#\/schema\/person\/b9aa4d11e0fdf8be3fef52656d4be5a5\",\"name\":\"Denham school\",\"image\":{\"@type\":\"ImageObject\",\"inLanguage\":\"en-US\",\"@id\":\"https:\/\/denhamschool.cl\/#\/schema\/person\/image\/\",\"url\":\"https:\/\/secure.gravatar.com\/avatar\/a4147e3364590c6a85049ab6bb1cf6ab416aac8a05d50648d05f951db2f2838a?s=96&d=mm&r=g\",\"contentUrl\":\"https:\/\/secure.gravatar.com\/avatar\/a4147e3364590c6a85049ab6bb1cf6ab416aac8a05d50648d05f951db2f2838a?s=96&d=mm&r=g\",\"caption\":\"Denham school\"},\"sameAs\":[\"https:\/\/denhamschool.cl\"],\"url\":\"https:\/\/denhamschool.cl\/en\/author\/felipeibanez\/\"}]}<\/script>\n<!-- \/ Yoast SEO plugin. -->","yoast_head_json":{"title":"Acto c\u00edvico, conmemoraci\u00f3n del d\u00eda de los pueblos indigenas - Denham school","robots":{"index":"index","follow":"follow","max-snippet":"max-snippet:-1","max-image-preview":"max-image-preview:large","max-video-preview":"max-video-preview:-1"},"canonical":"https:\/\/denhamschool.cl\/en\/acto-civico-conmemoracion-del-dia-de-los-pueblos-indigenas\/","og_locale":"en_US","og_type":"article","og_title":"Acto c\u00edvico, conmemoraci\u00f3n del d\u00eda de los pueblos indigenas - Denham school","og_url":"https:\/\/denhamschool.cl\/en\/acto-civico-conmemoracion-del-dia-de-los-pueblos-indigenas\/","og_site_name":"Denham school","article_publisher":"https:\/\/www.facebook.com\/denhamschool","article_published_time":"2025-07-04T02:32:20+00:00","article_modified_time":"2025-11-13T20:18:04+00:00","og_image":[{"width":1181,"height":1181,"url":"https:\/\/denhamschool.cl\/wp-content\/uploads\/2025\/07\/Pueblos.png","type":"image\/png"}],"author":"Denham school","twitter_card":"summary_large_image","twitter_misc":{"Written by":"Denham school","Est. reading time":"6 minutes"},"schema":{"@context":"https:\/\/schema.org","@graph":[{"@type":"Article","@id":"https:\/\/denhamschool.cl\/acto-civico-conmemoracion-del-dia-de-los-pueblos-indigenas\/#article","isPartOf":{"@id":"https:\/\/denhamschool.cl\/acto-civico-conmemoracion-del-dia-de-los-pueblos-indigenas\/"},"author":{"name":"Denham school","@id":"https:\/\/denhamschool.cl\/#\/schema\/person\/b9aa4d11e0fdf8be3fef52656d4be5a5"},"headline":"Acto c\u00edvico, conmemoraci\u00f3n del d\u00eda de los pueblos indigenas","datePublished":"2025-07-04T02:32:20+00:00","dateModified":"2025-11-13T20:18:04+00:00","mainEntityOfPage":{"@id":"https:\/\/denhamschool.cl\/acto-civico-conmemoracion-del-dia-de-los-pueblos-indigenas\/"},"wordCount":1233,"publisher":{"@id":"https:\/\/denhamschool.cl\/#organization"},"image":{"@id":"https:\/\/denhamschool.cl\/acto-civico-conmemoracion-del-dia-de-los-pueblos-indigenas\/#primaryimage"},"thumbnailUrl":"https:\/\/denhamschool.cl\/wp-content\/uploads\/2025\/07\/Pueblos.png","articleSection":["Denham school"],"inLanguage":"en-US"},{"@type":"WebPage","@id":"https:\/\/denhamschool.cl\/acto-civico-conmemoracion-del-dia-de-los-pueblos-indigenas\/","url":"https:\/\/denhamschool.cl\/acto-civico-conmemoracion-del-dia-de-los-pueblos-indigenas\/","name":"Acto c\u00edvico, conmemoraci\u00f3n del d\u00eda de los pueblos indigenas - Denham school","isPartOf":{"@id":"https:\/\/denhamschool.cl\/#website"},"primaryImageOfPage":{"@id":"https:\/\/denhamschool.cl\/acto-civico-conmemoracion-del-dia-de-los-pueblos-indigenas\/#primaryimage"},"image":{"@id":"https:\/\/denhamschool.cl\/acto-civico-conmemoracion-del-dia-de-los-pueblos-indigenas\/#primaryimage"},"thumbnailUrl":"https:\/\/denhamschool.cl\/wp-content\/uploads\/2025\/07\/Pueblos.png","datePublished":"2025-07-04T02:32:20+00:00","dateModified":"2025-11-13T20:18:04+00:00","breadcrumb":{"@id":"https:\/\/denhamschool.cl\/acto-civico-conmemoracion-del-dia-de-los-pueblos-indigenas\/#breadcrumb"},"inLanguage":"en-US","potentialAction":[{"@type":"ReadAction","target":["https:\/\/denhamschool.cl\/acto-civico-conmemoracion-del-dia-de-los-pueblos-indigenas\/"]}]},{"@type":"ImageObject","inLanguage":"en-US","@id":"https:\/\/denhamschool.cl\/acto-civico-conmemoracion-del-dia-de-los-pueblos-indigenas\/#primaryimage","url":"https:\/\/denhamschool.cl\/wp-content\/uploads\/2025\/07\/Pueblos.png","contentUrl":"https:\/\/denhamschool.cl\/wp-content\/uploads\/2025\/07\/Pueblos.png","width":1181,"height":1181},{"@type":"BreadcrumbList","@id":"https:\/\/denhamschool.cl\/acto-civico-conmemoracion-del-dia-de-los-pueblos-indigenas\/#breadcrumb","itemListElement":[{"@type":"ListItem","position":1,"name":"Portada","item":"https:\/\/denhamschool.cl\/"},{"@type":"ListItem","position":2,"name":"Acto c\u00edvico, conmemoraci\u00f3n del d\u00eda de los pueblos indigenas"}]},{"@type":"WebSite","@id":"https:\/\/denhamschool.cl\/#website","url":"https:\/\/denhamschool.cl\/","name":"Denham school","description":"","publisher":{"@id":"https:\/\/denhamschool.cl\/#organization"},"potentialAction":[{"@type":"SearchAction","target":{"@type":"EntryPoint","urlTemplate":"https:\/\/denhamschool.cl\/?s={search_term_string}"},"query-input":{"@type":"PropertyValueSpecification","valueRequired":true,"valueName":"search_term_string"}}],"inLanguage":"en-US"},{"@type":"Organization","@id":"https:\/\/denhamschool.cl\/#organization","name":"Denham school","url":"https:\/\/denhamschool.cl\/","logo":{"@type":"ImageObject","inLanguage":"en-US","@id":"https:\/\/denhamschool.cl\/#\/schema\/logo\/image\/","url":"https:\/\/denhamschool.cl\/wp-content\/uploads\/2025\/11\/cropped-logo-ds_Mesa-de-trabajo-1-02.jpg","contentUrl":"https:\/\/denhamschool.cl\/wp-content\/uploads\/2025\/11\/cropped-logo-ds_Mesa-de-trabajo-1-02.jpg","width":512,"height":512,"caption":"Denham school"},"image":{"@id":"https:\/\/denhamschool.cl\/#\/schema\/logo\/image\/"},"sameAs":["https:\/\/www.facebook.com\/denhamschool","https:\/\/www.instagram.com\/denhamschool","https:\/\/www.youtube.com\/@denhamschool2976"]},{"@type":"Person","@id":"https:\/\/denhamschool.cl\/#\/schema\/person\/b9aa4d11e0fdf8be3fef52656d4be5a5","name":"Denham school","image":{"@type":"ImageObject","inLanguage":"en-US","@id":"https:\/\/denhamschool.cl\/#\/schema\/person\/image\/","url":"https:\/\/secure.gravatar.com\/avatar\/a4147e3364590c6a85049ab6bb1cf6ab416aac8a05d50648d05f951db2f2838a?s=96&d=mm&r=g","contentUrl":"https:\/\/secure.gravatar.com\/avatar\/a4147e3364590c6a85049ab6bb1cf6ab416aac8a05d50648d05f951db2f2838a?s=96&d=mm&r=g","caption":"Denham school"},"sameAs":["https:\/\/denhamschool.cl"],"url":"https:\/\/denhamschool.cl\/en\/author\/felipeibanez\/"}]}},"_links":{"self":[{"href":"https:\/\/denhamschool.cl\/en\/wp-json\/wp\/v2\/posts\/9226","targetHints":{"allow":["GET"]}}],"collection":[{"href":"https:\/\/denhamschool.cl\/en\/wp-json\/wp\/v2\/posts"}],"about":[{"href":"https:\/\/denhamschool.cl\/en\/wp-json\/wp\/v2\/types\/post"}],"author":[{"embeddable":true,"href":"https:\/\/denhamschool.cl\/en\/wp-json\/wp\/v2\/users\/1"}],"replies":[{"embeddable":true,"href":"https:\/\/denhamschool.cl\/en\/wp-json\/wp\/v2\/comments?post=9226"}],"version-history":[{"count":12,"href":"https:\/\/denhamschool.cl\/en\/wp-json\/wp\/v2\/posts\/9226\/revisions"}],"predecessor-version":[{"id":9400,"href":"https:\/\/denhamschool.cl\/en\/wp-json\/wp\/v2\/posts\/9226\/revisions\/9400"}],"wp:featuredmedia":[{"embeddable":true,"href":"https:\/\/denhamschool.cl\/en\/wp-json\/wp\/v2\/media\/9339"}],"wp:attachment":[{"href":"https:\/\/denhamschool.cl\/en\/wp-json\/wp\/v2\/media?parent=9226"}],"wp:term":[{"taxonomy":"category","embeddable":true,"href":"https:\/\/denhamschool.cl\/en\/wp-json\/wp\/v2\/categories?post=9226"},{"taxonomy":"post_tag","embeddable":true,"href":"https:\/\/denhamschool.cl\/en\/wp-json\/wp\/v2\/tags?post=9226"}],"curies":[{"name":"wp","href":"https:\/\/api.w.org\/{rel}","templated":true}]}}