{"id":9134,"date":"2025-06-17T16:21:15","date_gmt":"2025-06-17T20:21:15","guid":{"rendered":"http:\/\/localhost:10003\/?p=9134"},"modified":"2025-11-14T09:59:46","modified_gmt":"2025-11-14T12:59:46","slug":"comunicado-denham-after-school-2025","status":"publish","type":"post","link":"https:\/\/denhamschool.cl\/en\/comunicado-denham-after-school-2025\/","title":{"rendered":"Denham After School 2025 Communication"},"content":{"rendered":"<div id=\"fws_69f2f648d2639\"  data-column-margin=\"none\" data-midnight=\"dark\" data-top-percent=\"8%\" data-bottom-percent=\"8%\"  class=\"wpb_row vc_row-fluid vc_row full-width-section  top_padding_tablet_8pct top_padding_phone_7pct bottom_padding_tablet_8pct bottom_padding_phone_7pct\"  style=\"padding-top: calc(100vw * 0.08); padding-bottom: calc(100vw * 0.08); \"><div class=\"row-bg-wrap\" data-bg-animation=\"none\" data-bg-animation-delay=\"\" data-bg-overlay=\"false\"><div class=\"inner-wrap row-bg-layer\" ><div class=\"row-bg viewport-desktop\"  style=\"\"><\/div><\/div><\/div><div class=\"row_col_wrap_12 col span_12 dark left\">\n\t<div  class=\"vc_col-sm-6 wpb_column column_container vc_column_container col bottom_margin_tablet_10pct right_padding_desktop_15pct right_padding_phone_0px\"  data-padding-pos=\"all\" data-has-bg-color=\"false\" data-bg-color=\"\" data-bg-opacity=\"1\" data-animation=\"\" data-delay=\"0\" >\n\t\t<div class=\"vc_column-inner\" >\n\t\t\t<div class=\"wpb_wrapper\">\n\t\t\t\t<div id=\"fws_69f2f648d2f8e\" data-midnight=\"\" data-column-margin=\"none\" class=\"wpb_row vc_row-fluid vc_row inner_row  right_padding_10pct right_padding_tablet_5pct right_padding_phone_3pct\"  style=\"\"><div class=\"row-bg-wrap\"> <div class=\"row-bg\" ><\/div> <\/div><div class=\"row_col_wrap_12_inner col span_12  left\">\n\t<div  class=\"vc_col-sm-12 wpb_column column_container vc_column_container col child_column no-extra-padding el_spacing_0px inherit_tablet inherit_phone\"   data-padding-pos=\"all\" data-has-bg-color=\"false\" data-bg-color=\"\" data-bg-opacity=\"1\" data-animation=\"\" data-delay=\"0\" >\n\t\t<div class=\"vc_column-inner\" >\n\t\t<div class=\"wpb_wrapper\">\n\t\t\t<div class=\"nectar-responsive-text font_size_max_50px font_size_desktop_3vw font_size_tablet_4vw font_size_phone_6vw font_line_height_1-2 nectar-link-underline-effect\"><h2 class=\"article-title\">Denham After School 2025 Communication<\/h2>\n<\/div><div class=\"divider-wrap\" data-alignment=\"default\"><div style=\"height: 20px;\" class=\"divider\"><\/div><\/div><div class=\"nectar-responsive-text font_size_min_16px font_size_max_20px font_size_desktop_1-1vw font_line_height_1-6 nectar-link-underline-effect\"><p>DEAR PARENTS: Together with greeting, we then deliver information regarding the functioning of our After School workshop.<\/p>\n<p>The workshop begins on Monday, May 4th, and will operate as follows:<\/p>\n<\/div>\n\t\t<\/div> \n\t<\/div>\n\t<\/div> \n<\/div><\/div><div id=\"fws_69f2f648d3c94\" data-midnight=\"\" data-column-margin=\"default\" class=\"wpb_row vc_row-fluid vc_row inner_row  top_padding_tablet_5vw top_padding_phone_6vw\"  style=\"padding-top: 2vw; \"><div class=\"row-bg-wrap\"> <div class=\"row-bg\" ><\/div> <\/div><div class=\"row_col_wrap_12_inner col span_12  left\">\n\t<div  class=\"vc_col-sm-12 wpb_column column_container vc_column_container col child_column no-extra-padding column_element_direction_desktop_horizontal column_element_direction_tablet_horizontal column_element_direction_phone_horizontal el_spacing_20px inherit_tablet inherit_phone\"   data-padding-pos=\"all\" data-has-bg-color=\"false\" data-bg-color=\"\" data-bg-opacity=\"1\" data-animation=\"\" data-delay=\"0\" >\n\t\t<div class=\"vc_column-inner\" >\n\t\t<div class=\"wpb_wrapper\">\n\t\t\t<div class=\"nectar-cta  alignment_tablet_default alignment_phone_default display_tablet_inherit display_phone_inherit font_size_desktop_0-5vw font_size_tablet_14px\" data-color=\"accent-color\" data-using-bg=\"true\" data-display=\"inline\" data-style=\"underline\" data-alignment=\"left\" data-text-color=\"custom\" style=\"margin-right: 0.8em; \"><span style=\"color: #ffffff;\" class=\"nectar-button-type\"> <span class=\"link_wrap\" style=\"padding-top: 0.8em; padding-right: 2.2em; padding-bottom: 0.8em; padding-left: 2.2em;\"><a target=\"_blank\" class=\"link_text\" style=\"border-color: #ffffff;\" role=\"button\" href=\"https:\/\/denhamschool.cl\/wp-content\/uploads\/2025\/06\/COMUNICADO-AFTER-2025.pdf\">DENHAM AFTER SCHOOL 2025 ANNOUNCEMENT<\/a><\/span><\/span><\/div><div class=\"nectar-cta  alignment_tablet_default alignment_phone_default display_tablet_inherit display_phone_inherit font_size_desktop_1-1vw font_size_tablet_16px\" data-color=\"default\" data-using-bg=\"false\" data-display=\"inline\" data-style=\"underline\" data-alignment=\"left\" data-text-color=\"custom\" ><span style=\"color: #000000;\" class=\"nectar-button-type\"> <span class=\"link_wrap\" style=\"padding-top: 4px; padding-bottom: 4px; \"><a  class=\"link_text\" style=\"border-color: #000000;\" role=\"button\" href=\"https:\/\/denhamschool.cl\/en\/news\/\">News<\/a><\/span><\/span><\/div>\n\t\t<\/div> \n\t<\/div>\n\t<\/div> \n<\/div><\/div>\n\t\t\t<\/div> \n\t\t<\/div>\n\t<\/div> \n\n\t<div style=\"\" class=\"vc_col-sm-6 wpb_column column_container vc_column_container col padding-5-percent column_position_relative el_spacing_0px inherit_tablet inherit_phone\" data-using-bg=\"true\" data-border-radius=\"20px\" data-padding-pos=\"top\" data-has-bg-color=\"true\" data-bg-color=\"#ffffff\" data-bg-opacity=\"1\" data-animation=\"\" data-delay=\"0\" >\n\t\t<div class=\"vc_column-inner\" ><div class=\"column-bg-overlay-wrap column-bg-layer\" data-bg-animation=\"none\"><div class=\"column-bg-overlay\" style=\"opacity: 1; background-color: #ffffff;\"><\/div><\/div>\n\t\t\t<div class=\"wpb_wrapper\">\n\t\t\t\t<div class=\"img-with-aniamtion-wrap\" data-max-width=\"100%\" data-max-width-mobile=\"default\" data-shadow=\"none\" data-animation=\"fade-in-from-bottom\" >\n      <div class=\"inner\">\n        <div class=\"hover-wrap\"> \n          <div class=\"hover-wrap-inner\">\n            <img decoding=\"async\" class=\"img-with-animation skip-lazy\" data-delay=\"0\" height=\"1350\" width=\"1080\" data-animation=\"fade-in-from-bottom\" src=\"https:\/\/denhamschool.cl\/wp-content\/uploads\/2025\/06\/after_school.jpg\" alt=\"\" srcset=\"https:\/\/denhamschool.cl\/wp-content\/uploads\/2025\/06\/after_school.jpg 1080w, https:\/\/denhamschool.cl\/wp-content\/uploads\/2025\/06\/after_school-240x300.jpg 240w, https:\/\/denhamschool.cl\/wp-content\/uploads\/2025\/06\/after_school-819x1024.jpg 819w, https:\/\/denhamschool.cl\/wp-content\/uploads\/2025\/06\/after_school-768x960.jpg 768w\" sizes=\"(max-width: 1080px) 100vw, 1080px\" \/>\n          <\/div>\n        <\/div>\n      <\/div>\n    <\/div>\n\t\t\t<\/div> \n\t\t<\/div>\n\t<\/div> \n<\/div><\/div>","protected":false},"excerpt":{"rendered":"Comunicado Denham After School 2025 DEAR PARENTS: Junto con saludar, a continuaci\u00f3n entregamos informaci\u00f3n con respecto al funcionamiento de nuestro taller de After school. El taller comienza el d\u00eda lunes...","protected":false},"author":1,"featured_media":9161,"comment_status":"closed","ping_status":"open","sticky":false,"template":"","format":"standard","meta":{"footnotes":""},"categories":[1],"tags":[],"class_list":{"0":"post-9134","1":"post","2":"type-post","3":"status-publish","4":"format-standard","5":"has-post-thumbnail","7":"category-denham-school"},"yoast_head":"<!-- This site is optimized with the Yoast SEO plugin v26.9 - https:\/\/yoast.com\/product\/yoast-seo-wordpress\/ -->\n<title>Comunicado Denham After School 2025 - Denham school<\/title>\n<meta name=\"robots\" content=\"index, follow, max-snippet:-1, max-image-preview:large, max-video-preview:-1\" \/>\n<link rel=\"canonical\" href=\"https:\/\/denhamschool.cl\/en\/comunicado-denham-after-school-2025\/\" \/>\n<meta property=\"og:locale\" content=\"en_US\" \/>\n<meta property=\"og:type\" content=\"article\" \/>\n<meta property=\"og:title\" content=\"Comunicado Denham After School 2025 - Denham school\" \/>\n<meta property=\"og:url\" content=\"https:\/\/denhamschool.cl\/en\/comunicado-denham-after-school-2025\/\" \/>\n<meta property=\"og:site_name\" content=\"Denham school\" \/>\n<meta property=\"article:publisher\" content=\"https:\/\/www.facebook.com\/denhamschool\" \/>\n<meta property=\"article:published_time\" content=\"2025-06-17T20:21:15+00:00\" \/>\n<meta property=\"article:modified_time\" content=\"2025-11-14T12:59:46+00:00\" \/>\n<meta property=\"og:image\" content=\"https:\/\/denhamschool.cl\/wp-content\/uploads\/2025\/06\/after_school.png\" \/>\n\t<meta property=\"og:image:width\" content=\"1080\" \/>\n\t<meta property=\"og:image:height\" content=\"1080\" \/>\n\t<meta property=\"og:image:type\" content=\"image\/png\" \/>\n<meta name=\"author\" content=\"Denham school\" \/>\n<meta name=\"twitter:card\" content=\"summary_large_image\" \/>\n<meta name=\"twitter:label1\" content=\"Written by\" \/>\n\t<meta name=\"twitter:data1\" content=\"Denham school\" \/>\n\t<meta name=\"twitter:label2\" content=\"Est. reading time\" \/>\n\t<meta name=\"twitter:data2\" content=\"5 minutes\" \/>\n<script type=\"application\/ld+json\" class=\"yoast-schema-graph\">{\"@context\":\"https:\/\/schema.org\",\"@graph\":[{\"@type\":\"Article\",\"@id\":\"https:\/\/denhamschool.cl\/comunicado-denham-after-school-2025\/#article\",\"isPartOf\":{\"@id\":\"https:\/\/denhamschool.cl\/comunicado-denham-after-school-2025\/\"},\"author\":{\"name\":\"Denham school\",\"@id\":\"https:\/\/denhamschool.cl\/#\/schema\/person\/b9aa4d11e0fdf8be3fef52656d4be5a5\"},\"headline\":\"Comunicado Denham After School 2025\",\"datePublished\":\"2025-06-17T20:21:15+00:00\",\"dateModified\":\"2025-11-14T12:59:46+00:00\",\"mainEntityOfPage\":{\"@id\":\"https:\/\/denhamschool.cl\/comunicado-denham-after-school-2025\/\"},\"wordCount\":914,\"publisher\":{\"@id\":\"https:\/\/denhamschool.cl\/#organization\"},\"image\":{\"@id\":\"https:\/\/denhamschool.cl\/comunicado-denham-after-school-2025\/#primaryimage\"},\"thumbnailUrl\":\"https:\/\/denhamschool.cl\/wp-content\/uploads\/2025\/06\/after_school.png\",\"articleSection\":[\"Denham school\"],\"inLanguage\":\"en-US\"},{\"@type\":\"WebPage\",\"@id\":\"https:\/\/denhamschool.cl\/comunicado-denham-after-school-2025\/\",\"url\":\"https:\/\/denhamschool.cl\/comunicado-denham-after-school-2025\/\",\"name\":\"Comunicado Denham After School 2025 - Denham school\",\"isPartOf\":{\"@id\":\"https:\/\/denhamschool.cl\/#website\"},\"primaryImageOfPage\":{\"@id\":\"https:\/\/denhamschool.cl\/comunicado-denham-after-school-2025\/#primaryimage\"},\"image\":{\"@id\":\"https:\/\/denhamschool.cl\/comunicado-denham-after-school-2025\/#primaryimage\"},\"thumbnailUrl\":\"https:\/\/denhamschool.cl\/wp-content\/uploads\/2025\/06\/after_school.png\",\"datePublished\":\"2025-06-17T20:21:15+00:00\",\"dateModified\":\"2025-11-14T12:59:46+00:00\",\"breadcrumb\":{\"@id\":\"https:\/\/denhamschool.cl\/comunicado-denham-after-school-2025\/#breadcrumb\"},\"inLanguage\":\"en-US\",\"potentialAction\":[{\"@type\":\"ReadAction\",\"target\":[\"https:\/\/denhamschool.cl\/comunicado-denham-after-school-2025\/\"]}]},{\"@type\":\"ImageObject\",\"inLanguage\":\"en-US\",\"@id\":\"https:\/\/denhamschool.cl\/comunicado-denham-after-school-2025\/#primaryimage\",\"url\":\"https:\/\/denhamschool.cl\/wp-content\/uploads\/2025\/06\/after_school.png\",\"contentUrl\":\"https:\/\/denhamschool.cl\/wp-content\/uploads\/2025\/06\/after_school.png\",\"width\":1080,\"height\":1080},{\"@type\":\"BreadcrumbList\",\"@id\":\"https:\/\/denhamschool.cl\/comunicado-denham-after-school-2025\/#breadcrumb\",\"itemListElement\":[{\"@type\":\"ListItem\",\"position\":1,\"name\":\"Portada\",\"item\":\"https:\/\/denhamschool.cl\/\"},{\"@type\":\"ListItem\",\"position\":2,\"name\":\"Comunicado Denham After School 2025\"}]},{\"@type\":\"WebSite\",\"@id\":\"https:\/\/denhamschool.cl\/#website\",\"url\":\"https:\/\/denhamschool.cl\/\",\"name\":\"Denham school\",\"description\":\"\",\"publisher\":{\"@id\":\"https:\/\/denhamschool.cl\/#organization\"},\"potentialAction\":[{\"@type\":\"SearchAction\",\"target\":{\"@type\":\"EntryPoint\",\"urlTemplate\":\"https:\/\/denhamschool.cl\/?s={search_term_string}\"},\"query-input\":{\"@type\":\"PropertyValueSpecification\",\"valueRequired\":true,\"valueName\":\"search_term_string\"}}],\"inLanguage\":\"en-US\"},{\"@type\":\"Organization\",\"@id\":\"https:\/\/denhamschool.cl\/#organization\",\"name\":\"Denham school\",\"url\":\"https:\/\/denhamschool.cl\/\",\"logo\":{\"@type\":\"ImageObject\",\"inLanguage\":\"en-US\",\"@id\":\"https:\/\/denhamschool.cl\/#\/schema\/logo\/image\/\",\"url\":\"https:\/\/denhamschool.cl\/wp-content\/uploads\/2025\/11\/cropped-logo-ds_Mesa-de-trabajo-1-02.jpg\",\"contentUrl\":\"https:\/\/denhamschool.cl\/wp-content\/uploads\/2025\/11\/cropped-logo-ds_Mesa-de-trabajo-1-02.jpg\",\"width\":512,\"height\":512,\"caption\":\"Denham school\"},\"image\":{\"@id\":\"https:\/\/denhamschool.cl\/#\/schema\/logo\/image\/\"},\"sameAs\":[\"https:\/\/www.facebook.com\/denhamschool\",\"https:\/\/www.instagram.com\/denhamschool\",\"https:\/\/www.youtube.com\/@denhamschool2976\"]},{\"@type\":\"Person\",\"@id\":\"https:\/\/denhamschool.cl\/#\/schema\/person\/b9aa4d11e0fdf8be3fef52656d4be5a5\",\"name\":\"Denham school\",\"image\":{\"@type\":\"ImageObject\",\"inLanguage\":\"en-US\",\"@id\":\"https:\/\/denhamschool.cl\/#\/schema\/person\/image\/\",\"url\":\"https:\/\/secure.gravatar.com\/avatar\/a4147e3364590c6a85049ab6bb1cf6ab416aac8a05d50648d05f951db2f2838a?s=96&d=mm&r=g\",\"contentUrl\":\"https:\/\/secure.gravatar.com\/avatar\/a4147e3364590c6a85049ab6bb1cf6ab416aac8a05d50648d05f951db2f2838a?s=96&d=mm&r=g\",\"caption\":\"Denham school\"},\"sameAs\":[\"https:\/\/denhamschool.cl\"],\"url\":\"https:\/\/denhamschool.cl\/en\/author\/felipeibanez\/\"}]}<\/script>\n<!-- \/ Yoast SEO plugin. -->","yoast_head_json":{"title":"Comunicado Denham After School 2025 - Denham school","robots":{"index":"index","follow":"follow","max-snippet":"max-snippet:-1","max-image-preview":"max-image-preview:large","max-video-preview":"max-video-preview:-1"},"canonical":"https:\/\/denhamschool.cl\/en\/comunicado-denham-after-school-2025\/","og_locale":"en_US","og_type":"article","og_title":"Comunicado Denham After School 2025 - Denham school","og_url":"https:\/\/denhamschool.cl\/en\/comunicado-denham-after-school-2025\/","og_site_name":"Denham school","article_publisher":"https:\/\/www.facebook.com\/denhamschool","article_published_time":"2025-06-17T20:21:15+00:00","article_modified_time":"2025-11-14T12:59:46+00:00","og_image":[{"width":1080,"height":1080,"url":"https:\/\/denhamschool.cl\/wp-content\/uploads\/2025\/06\/after_school.png","type":"image\/png"}],"author":"Denham school","twitter_card":"summary_large_image","twitter_misc":{"Written by":"Denham school","Est. reading time":"5 minutes"},"schema":{"@context":"https:\/\/schema.org","@graph":[{"@type":"Article","@id":"https:\/\/denhamschool.cl\/comunicado-denham-after-school-2025\/#article","isPartOf":{"@id":"https:\/\/denhamschool.cl\/comunicado-denham-after-school-2025\/"},"author":{"name":"Denham school","@id":"https:\/\/denhamschool.cl\/#\/schema\/person\/b9aa4d11e0fdf8be3fef52656d4be5a5"},"headline":"Comunicado Denham After School 2025","datePublished":"2025-06-17T20:21:15+00:00","dateModified":"2025-11-14T12:59:46+00:00","mainEntityOfPage":{"@id":"https:\/\/denhamschool.cl\/comunicado-denham-after-school-2025\/"},"wordCount":914,"publisher":{"@id":"https:\/\/denhamschool.cl\/#organization"},"image":{"@id":"https:\/\/denhamschool.cl\/comunicado-denham-after-school-2025\/#primaryimage"},"thumbnailUrl":"https:\/\/denhamschool.cl\/wp-content\/uploads\/2025\/06\/after_school.png","articleSection":["Denham school"],"inLanguage":"en-US"},{"@type":"WebPage","@id":"https:\/\/denhamschool.cl\/comunicado-denham-after-school-2025\/","url":"https:\/\/denhamschool.cl\/comunicado-denham-after-school-2025\/","name":"Comunicado Denham After School 2025 - Denham school","isPartOf":{"@id":"https:\/\/denhamschool.cl\/#website"},"primaryImageOfPage":{"@id":"https:\/\/denhamschool.cl\/comunicado-denham-after-school-2025\/#primaryimage"},"image":{"@id":"https:\/\/denhamschool.cl\/comunicado-denham-after-school-2025\/#primaryimage"},"thumbnailUrl":"https:\/\/denhamschool.cl\/wp-content\/uploads\/2025\/06\/after_school.png","datePublished":"2025-06-17T20:21:15+00:00","dateModified":"2025-11-14T12:59:46+00:00","breadcrumb":{"@id":"https:\/\/denhamschool.cl\/comunicado-denham-after-school-2025\/#breadcrumb"},"inLanguage":"en-US","potentialAction":[{"@type":"ReadAction","target":["https:\/\/denhamschool.cl\/comunicado-denham-after-school-2025\/"]}]},{"@type":"ImageObject","inLanguage":"en-US","@id":"https:\/\/denhamschool.cl\/comunicado-denham-after-school-2025\/#primaryimage","url":"https:\/\/denhamschool.cl\/wp-content\/uploads\/2025\/06\/after_school.png","contentUrl":"https:\/\/denhamschool.cl\/wp-content\/uploads\/2025\/06\/after_school.png","width":1080,"height":1080},{"@type":"BreadcrumbList","@id":"https:\/\/denhamschool.cl\/comunicado-denham-after-school-2025\/#breadcrumb","itemListElement":[{"@type":"ListItem","position":1,"name":"Portada","item":"https:\/\/denhamschool.cl\/"},{"@type":"ListItem","position":2,"name":"Comunicado Denham After School 2025"}]},{"@type":"WebSite","@id":"https:\/\/denhamschool.cl\/#website","url":"https:\/\/denhamschool.cl\/","name":"Denham school","description":"","publisher":{"@id":"https:\/\/denhamschool.cl\/#organization"},"potentialAction":[{"@type":"SearchAction","target":{"@type":"EntryPoint","urlTemplate":"https:\/\/denhamschool.cl\/?s={search_term_string}"},"query-input":{"@type":"PropertyValueSpecification","valueRequired":true,"valueName":"search_term_string"}}],"inLanguage":"en-US"},{"@type":"Organization","@id":"https:\/\/denhamschool.cl\/#organization","name":"Denham school","url":"https:\/\/denhamschool.cl\/","logo":{"@type":"ImageObject","inLanguage":"en-US","@id":"https:\/\/denhamschool.cl\/#\/schema\/logo\/image\/","url":"https:\/\/denhamschool.cl\/wp-content\/uploads\/2025\/11\/cropped-logo-ds_Mesa-de-trabajo-1-02.jpg","contentUrl":"https:\/\/denhamschool.cl\/wp-content\/uploads\/2025\/11\/cropped-logo-ds_Mesa-de-trabajo-1-02.jpg","width":512,"height":512,"caption":"Denham school"},"image":{"@id":"https:\/\/denhamschool.cl\/#\/schema\/logo\/image\/"},"sameAs":["https:\/\/www.facebook.com\/denhamschool","https:\/\/www.instagram.com\/denhamschool","https:\/\/www.youtube.com\/@denhamschool2976"]},{"@type":"Person","@id":"https:\/\/denhamschool.cl\/#\/schema\/person\/b9aa4d11e0fdf8be3fef52656d4be5a5","name":"Denham school","image":{"@type":"ImageObject","inLanguage":"en-US","@id":"https:\/\/denhamschool.cl\/#\/schema\/person\/image\/","url":"https:\/\/secure.gravatar.com\/avatar\/a4147e3364590c6a85049ab6bb1cf6ab416aac8a05d50648d05f951db2f2838a?s=96&d=mm&r=g","contentUrl":"https:\/\/secure.gravatar.com\/avatar\/a4147e3364590c6a85049ab6bb1cf6ab416aac8a05d50648d05f951db2f2838a?s=96&d=mm&r=g","caption":"Denham school"},"sameAs":["https:\/\/denhamschool.cl"],"url":"https:\/\/denhamschool.cl\/en\/author\/felipeibanez\/"}]}},"_links":{"self":[{"href":"https:\/\/denhamschool.cl\/en\/wp-json\/wp\/v2\/posts\/9134","targetHints":{"allow":["GET"]}}],"collection":[{"href":"https:\/\/denhamschool.cl\/en\/wp-json\/wp\/v2\/posts"}],"about":[{"href":"https:\/\/denhamschool.cl\/en\/wp-json\/wp\/v2\/types\/post"}],"author":[{"embeddable":true,"href":"https:\/\/denhamschool.cl\/en\/wp-json\/wp\/v2\/users\/1"}],"replies":[{"embeddable":true,"href":"https:\/\/denhamschool.cl\/en\/wp-json\/wp\/v2\/comments?post=9134"}],"version-history":[{"count":4,"href":"https:\/\/denhamschool.cl\/en\/wp-json\/wp\/v2\/posts\/9134\/revisions"}],"predecessor-version":[{"id":9403,"href":"https:\/\/denhamschool.cl\/en\/wp-json\/wp\/v2\/posts\/9134\/revisions\/9403"}],"wp:featuredmedia":[{"embeddable":true,"href":"https:\/\/denhamschool.cl\/en\/wp-json\/wp\/v2\/media\/9161"}],"wp:attachment":[{"href":"https:\/\/denhamschool.cl\/en\/wp-json\/wp\/v2\/media?parent=9134"}],"wp:term":[{"taxonomy":"category","embeddable":true,"href":"https:\/\/denhamschool.cl\/en\/wp-json\/wp\/v2\/categories?post=9134"},{"taxonomy":"post_tag","embeddable":true,"href":"https:\/\/denhamschool.cl\/en\/wp-json\/wp\/v2\/tags?post=9134"}],"curies":[{"name":"wp","href":"https:\/\/api.w.org\/{rel}","templated":true}]}}