{"id":8965,"date":"2025-06-10T00:47:58","date_gmt":"2025-06-10T04:47:58","guid":{"rendered":"http:\/\/localhost:10003\/?p=8965"},"modified":"2025-06-17T16:22:57","modified_gmt":"2025-06-17T20:22:57","slug":"acto-civico-de-conmemoracion-de-la-semana-de-la-seguridad-escolar-y-parvularia","status":"publish","type":"post","link":"https:\/\/denhamschool.cl\/en\/acto-civico-de-conmemoracion-de-la-semana-de-la-seguridad-escolar-y-parvularia\/","title":{"rendered":"Civic act of commemoration of the School and Pluvular Security Week"},"content":{"rendered":"<div id=\"fws_69f2d9248ac2d\"  data-column-margin=\"none\" data-midnight=\"dark\" data-top-percent=\"8%\" data-bottom-percent=\"8%\"  class=\"wpb_row vc_row-fluid vc_row full-width-section  top_padding_tablet_8pct top_padding_phone_7pct bottom_padding_tablet_8pct bottom_padding_phone_7pct\"  style=\"padding-top: calc(100vw * 0.08); padding-bottom: calc(100vw * 0.08); \"><div class=\"row-bg-wrap\" data-bg-animation=\"none\" data-bg-animation-delay=\"\" data-bg-overlay=\"false\"><div class=\"inner-wrap row-bg-layer\" ><div class=\"row-bg viewport-desktop\"  style=\"\"><\/div><\/div><\/div><div class=\"row_col_wrap_12 col span_12 dark left\">\n\t<div  class=\"vc_col-sm-6 wpb_column column_container vc_column_container col bottom_margin_tablet_10pct right_padding_desktop_15pct right_padding_phone_0px\"  data-padding-pos=\"all\" data-has-bg-color=\"false\" data-bg-color=\"\" data-bg-opacity=\"1\" data-animation=\"\" data-delay=\"0\" >\n\t\t<div class=\"vc_column-inner\" >\n\t\t\t<div class=\"wpb_wrapper\">\n\t\t\t\t<div id=\"fws_69f2d9248b581\" data-midnight=\"\" data-column-margin=\"none\" class=\"wpb_row vc_row-fluid vc_row inner_row  right_padding_10pct right_padding_tablet_5pct right_padding_phone_3pct\"  style=\"\"><div class=\"row-bg-wrap\"> <div class=\"row-bg\" ><\/div> <\/div><div class=\"row_col_wrap_12_inner col span_12  left\">\n\t<div  class=\"vc_col-sm-12 wpb_column column_container vc_column_container col child_column no-extra-padding el_spacing_0px inherit_tablet inherit_phone\"   data-padding-pos=\"all\" data-has-bg-color=\"false\" data-bg-color=\"\" data-bg-opacity=\"1\" data-animation=\"\" data-delay=\"0\" >\n\t\t<div class=\"vc_column-inner\" >\n\t\t<div class=\"wpb_wrapper\">\n\t\t\t<div class=\"nectar-responsive-text font_size_max_50px font_size_desktop_3vw font_size_tablet_4vw font_size_phone_6vw font_line_height_1-2 nectar-link-underline-effect\"><h2>Civic act of commemoration of the School and Pluvular Security Week<\/h2>\n<\/div><div class=\"divider-wrap\" data-alignment=\"default\"><div style=\"height: 20px;\" class=\"divider\"><\/div><\/div><div class=\"nectar-responsive-text font_size_min_16px font_size_max_20px font_size_desktop_1-1vw font_line_height_1-6 nectar-link-underline-effect\"><p>On Monday, May 19th, 8th Blue held the civic ceremony to commemorate School and Early Childhood Safety Week, which takes place from May 26th to 30th. This initiative, promoted by the Ministry of Education, aims to foster self-care, mutual care, and risk prevention in educational institutions across the country. In addition, the value highlighted for this week was respect.<\/p>\n<p>School safety refers to the conditions, measures, and actions aimed at protecting the educational community (students, teachers, administrative staff, etc.) from risks and promoting self-care. This involves creating a safe physical and social environment where students can learn and grow without fear of violence, bullying, or the influence of substances.<\/p>\n<\/div>\n\t\t<\/div> \n\t<\/div>\n\t<\/div> \n<\/div><\/div><div id=\"fws_69f2d9248c2b9\" data-midnight=\"\" data-column-margin=\"default\" class=\"wpb_row vc_row-fluid vc_row inner_row  top_padding_tablet_5vw top_padding_phone_6vw\"  style=\"padding-top: 2vw; \"><div class=\"row-bg-wrap\"> <div class=\"row-bg\" ><\/div> <\/div><div class=\"row_col_wrap_12_inner col span_12  left\">\n\t<div  class=\"vc_col-sm-12 wpb_column column_container vc_column_container col child_column no-extra-padding column_element_direction_desktop_horizontal column_element_direction_tablet_horizontal column_element_direction_phone_horizontal el_spacing_20px inherit_tablet inherit_phone\"   data-padding-pos=\"all\" data-has-bg-color=\"false\" data-bg-color=\"\" data-bg-opacity=\"1\" data-animation=\"\" data-delay=\"0\" >\n\t\t<div class=\"vc_column-inner\" >\n\t\t<div class=\"wpb_wrapper\">\n\t\t\t<div class=\"nectar-cta  alignment_tablet_default alignment_phone_default display_tablet_inherit display_phone_inherit font_size_desktop_1-1vw font_size_tablet_14px\" data-color=\"accent-color\" data-using-bg=\"true\" data-style=\"text-reveal-wave\" data-display=\"inline\" data-alignment=\"left\" data-text-color=\"custom\" style=\"margin-right: 0.8em; \"><span style=\"color: #ffffff;\" class=\"nectar-button-type\"><span class=\"link_wrap\" style=\"padding-top: 0.8em; padding-right: 2.2em; padding-bottom: 0.8em; padding-left: 2.2em;\"><a target=\"_blank\" class=\"link_text\" role=\"button\" href=\"https:\/\/drive.google.com\/drive\/folders\/1XcTyz7facldSgGYU-e_ec5qvsXqp_uV1?usp=sharing\"><span class=\"text\"><span class=\"char\">A<\/span><span class=\"char\">l<\/span><span class=\"char\">l<\/span> <span class=\"char\">i<\/span><span class=\"char\">m<\/span><span class=\"char\">to<\/span><span class=\"char\">g<\/span><span class=\"char\">e<\/span><span class=\"char\">s<\/span><\/span><\/a><\/span><\/span><\/div><div class=\"nectar-cta  alignment_tablet_default alignment_phone_default display_tablet_inherit display_phone_inherit font_size_desktop_1-1vw font_size_tablet_16px\" data-color=\"default\" data-using-bg=\"false\" data-display=\"inline\" data-style=\"underline\" data-alignment=\"left\" data-text-color=\"custom\" ><span style=\"color: #000000;\" class=\"nectar-button-type\"> <span class=\"link_wrap\" style=\"padding-top: 4px; padding-bottom: 4px; \"><a  class=\"link_text\" style=\"border-color: #000000;\" role=\"button\" href=\"https:\/\/denhamschool.cl\/en\/news\/\">News<\/a><\/span><\/span><\/div>\n\t\t<\/div> \n\t<\/div>\n\t<\/div> \n<\/div><\/div>\n\t\t\t<\/div> \n\t\t<\/div>\n\t<\/div> \n\n\t<div style=\"\" class=\"vc_col-sm-6 wpb_column column_container vc_column_container col padding-5-percent column_position_relative el_spacing_0px inherit_tablet inherit_phone\" data-using-bg=\"true\" data-border-radius=\"20px\" data-padding-pos=\"top\" data-has-bg-color=\"true\" data-bg-color=\"#ffffff\" data-bg-opacity=\"1\" data-animation=\"\" data-delay=\"0\" >\n\t\t<div class=\"vc_column-inner\" ><div class=\"column-bg-overlay-wrap column-bg-layer\" data-bg-animation=\"none\"><div class=\"column-bg-overlay\" style=\"opacity: 1; background-color: #ffffff;\"><\/div><\/div>\n\t\t\t<div class=\"wpb_wrapper\">\n\t\t\t\t<div class=\"img-with-aniamtion-wrap\" data-max-width=\"100%\" data-max-width-mobile=\"default\" data-shadow=\"none\" data-animation=\"fade-in-from-bottom\" >\n      <div class=\"inner\">\n        <div class=\"hover-wrap\"> \n          <div class=\"hover-wrap-inner\">\n            <img decoding=\"async\" class=\"img-with-animation skip-lazy\" data-delay=\"0\" height=\"1080\" width=\"1080\" data-animation=\"fade-in-from-bottom\" src=\"https:\/\/denhamschool.cl\/wp-content\/uploads\/2025\/04\/seguridade.jpg\" alt=\"\" srcset=\"https:\/\/denhamschool.cl\/wp-content\/uploads\/2025\/04\/seguridade.jpg 1080w, https:\/\/denhamschool.cl\/wp-content\/uploads\/2025\/04\/seguridade-300x300.jpg 300w, https:\/\/denhamschool.cl\/wp-content\/uploads\/2025\/04\/seguridade-1024x1024.jpg 1024w, https:\/\/denhamschool.cl\/wp-content\/uploads\/2025\/04\/seguridade-150x150.jpg 150w, https:\/\/denhamschool.cl\/wp-content\/uploads\/2025\/04\/seguridade-768x768.jpg 768w, https:\/\/denhamschool.cl\/wp-content\/uploads\/2025\/04\/seguridade-140x140.jpg 140w, https:\/\/denhamschool.cl\/wp-content\/uploads\/2025\/04\/seguridade-100x100.jpg 100w, https:\/\/denhamschool.cl\/wp-content\/uploads\/2025\/04\/seguridade-500x500.jpg 500w, https:\/\/denhamschool.cl\/wp-content\/uploads\/2025\/04\/seguridade-350x350.jpg 350w, https:\/\/denhamschool.cl\/wp-content\/uploads\/2025\/04\/seguridade-1000x1000.jpg 1000w, https:\/\/denhamschool.cl\/wp-content\/uploads\/2025\/04\/seguridade-800x800.jpg 800w\" sizes=\"(max-width: 1080px) 100vw, 1080px\" \/>\n          <\/div>\n        <\/div>\n      <\/div>\n    <\/div>\n\t\t\t<\/div> \n\t\t<\/div>\n\t<\/div> \n<\/div><\/div>\n\t\t<div id=\"fws_69f2d9248e072\"  data-column-margin=\"default\" data-midnight=\"dark\" data-bottom-percent=\"8%\"  class=\"wpb_row vc_row-fluid vc_row full-width-section\"  style=\"padding-top: 0px; padding-bottom: calc(100vw * 0.08); \"><div class=\"row-bg-wrap\" data-bg-animation=\"none\" data-bg-animation-delay=\"\" data-bg-overlay=\"false\"><div class=\"inner-wrap row-bg-layer\" ><div class=\"row-bg viewport-desktop\"  style=\"\"><\/div><\/div><\/div><div class=\"row_col_wrap_12 col span_12 dark left\">\n\t<div  class=\"vc_col-sm-12 wpb_column column_container vc_column_container col no-extra-padding inherit_tablet inherit_phone\"  data-padding-pos=\"all\" data-has-bg-color=\"false\" data-bg-color=\"\" data-bg-opacity=\"1\" data-animation=\"\" data-delay=\"0\" >\n\t\t<div class=\"vc_column-inner\" >\n\t\t\t<div class=\"wpb_wrapper\">\n\t\t\t\t\n\t<div class=\"wpb_gallery wpb_content_element clearfix\">\n\t\t<div class=\"wpb_wrapper\"><div class=\"wpb_gallery_slidesflickity_static_height_style\" data-onclick=\"link_no\" data-interval=\"5\"><style>.wpb_gallery_slidesflickity_static_height_style .nectar-flickity.instace-69f2d9248ecb6:not(.masonry) .flickity-slider .cell img {\n      height: 500px;\n    }\n    @media only screen and (max-width: 1300px) {\n      .wpb_gallery_slidesflickity_static_height_style .nectar-flickity.instace-69f2d9248ecb6:not(.masonry) .flickity-slider .cell img {\n        height: 400px;\n      }\n    }\n    @media only screen and (max-width: 1000px) {\n      .wpb_gallery_slidesflickity_static_height_style .nectar-flickity.instace-69f2d9248ecb6:not(.masonry) .flickity-slider .cell img {\n        height: 350px;\n      }\n    }\n    @media only screen and (max-width: 690px) {\n      .wpb_gallery_slidesflickity_static_height_style .nectar-flickity.instace-69f2d9248ecb6:not(.masonry) .flickity-slider .cell img {\n        height: 300px;\n      }\n    }<\/style><div class=\"nectar-flickity not-initialized instace-69f2d9248ecb6\"  data-touch-icon-color=\"default\" data-drag-scale=\"\" data-overflow=\"visible\" data-wrap=\"wrap\" data-spacing=\"10px\" data-shadow=\"none\" data-autoplay=\"true\" data-autoplay-dur=\"\" data-free-scroll=\"\" data-controls=\"touch_total\"><div class=\"flickity-viewport\"> <div class=\"flickity-slider\"><div class=\"cell\" data-lazy=\"true\"><div class=\"nectar-el-parallax-scroll\" data-scroll-animation=\"true\" data-scroll-animation-mobile=\"true\" data-scroll-animation-intensity=\"-1.15\" data-scroll-animation-lerp=\"1\"><div class=\"vc_column-inner\"><div class=\"img-wrap\"><img decoding=\"async\" width=\"1024\" height=\"768\"  src=\"data:image\/svg+xml;charset=utf-8,%3Csvg%20xmlns%3D'http%3A%2F%2Fwww.w3.org%2F2000%2Fsvg'%20viewBox%3D'0%200%201024%20768'%2F%3E\" data-nectar-img-src=\"https:\/\/denhamschool.cl\/wp-content\/uploads\/2025\/04\/DSCN0645-1024x768.jpg\" class=\"skip-lazy nectar-lazy attachment-large\" alt=\"\" title=\"DSCN0645\"  data-nectar-img-srcset=\"https:\/\/denhamschool.cl\/wp-content\/uploads\/2025\/04\/DSCN0645-1024x768.jpg 1024w, https:\/\/denhamschool.cl\/wp-content\/uploads\/2025\/04\/DSCN0645-300x225.jpg 300w, https:\/\/denhamschool.cl\/wp-content\/uploads\/2025\/04\/DSCN0645-768x576.jpg 768w, https:\/\/denhamschool.cl\/wp-content\/uploads\/2025\/04\/DSCN0645-1536x1152.jpg 1536w, https:\/\/denhamschool.cl\/wp-content\/uploads\/2025\/04\/DSCN0645-2048x1536.jpg 2048w\"><\/div><\/div><\/div><\/div><div class=\"cell\" data-lazy=\"true\"><div class=\"nectar-el-parallax-scroll\" data-scroll-animation=\"true\" data-scroll-animation-mobile=\"true\" data-scroll-animation-intensity=\"-1.15\" data-scroll-animation-lerp=\"1\"><div class=\"vc_column-inner\"><div class=\"img-wrap\"><img decoding=\"async\" width=\"1024\" height=\"768\"  src=\"data:image\/svg+xml;charset=utf-8,%3Csvg%20xmlns%3D'http%3A%2F%2Fwww.w3.org%2F2000%2Fsvg'%20viewBox%3D'0%200%201024%20768'%2F%3E\" data-nectar-img-src=\"https:\/\/denhamschool.cl\/wp-content\/uploads\/2025\/04\/DSCN0621-1024x768.jpg\" class=\"skip-lazy nectar-lazy attachment-large\" alt=\"\" title=\"DSCN0621\"  data-nectar-img-srcset=\"https:\/\/denhamschool.cl\/wp-content\/uploads\/2025\/04\/DSCN0621-1024x768.jpg 1024w, https:\/\/denhamschool.cl\/wp-content\/uploads\/2025\/04\/DSCN0621-300x225.jpg 300w, https:\/\/denhamschool.cl\/wp-content\/uploads\/2025\/04\/DSCN0621-768x576.jpg 768w, https:\/\/denhamschool.cl\/wp-content\/uploads\/2025\/04\/DSCN0621-1536x1152.jpg 1536w, https:\/\/denhamschool.cl\/wp-content\/uploads\/2025\/04\/DSCN0621-2048x1536.jpg 2048w\"><\/div><\/div><\/div><\/div><div class=\"cell\" data-lazy=\"true\"><div class=\"nectar-el-parallax-scroll\" data-scroll-animation=\"true\" data-scroll-animation-mobile=\"true\" data-scroll-animation-intensity=\"-1.15\" data-scroll-animation-lerp=\"1\"><div class=\"vc_column-inner\"><div class=\"img-wrap\"><img decoding=\"async\" width=\"1024\" height=\"768\"  src=\"data:image\/svg+xml;charset=utf-8,%3Csvg%20xmlns%3D'http%3A%2F%2Fwww.w3.org%2F2000%2Fsvg'%20viewBox%3D'0%200%201024%20768'%2F%3E\" data-nectar-img-src=\"https:\/\/denhamschool.cl\/wp-content\/uploads\/2025\/04\/DSCN0637-1024x768.jpg\" class=\"skip-lazy nectar-lazy attachment-large\" alt=\"\" title=\"DSCN0637\"  data-nectar-img-srcset=\"https:\/\/denhamschool.cl\/wp-content\/uploads\/2025\/04\/DSCN0637-1024x768.jpg 1024w, https:\/\/denhamschool.cl\/wp-content\/uploads\/2025\/04\/DSCN0637-300x225.jpg 300w, https:\/\/denhamschool.cl\/wp-content\/uploads\/2025\/04\/DSCN0637-768x576.jpg 768w, https:\/\/denhamschool.cl\/wp-content\/uploads\/2025\/04\/DSCN0637-1536x1152.jpg 1536w, https:\/\/denhamschool.cl\/wp-content\/uploads\/2025\/04\/DSCN0637-2048x1536.jpg 2048w\"><\/div><\/div><\/div><\/div><div class=\"cell\" data-lazy=\"true\"><div class=\"nectar-el-parallax-scroll\" data-scroll-animation=\"true\" data-scroll-animation-mobile=\"true\" data-scroll-animation-intensity=\"-1.15\" data-scroll-animation-lerp=\"1\"><div class=\"vc_column-inner\"><div class=\"img-wrap\"><img decoding=\"async\" width=\"1024\" height=\"768\"  src=\"data:image\/svg+xml;charset=utf-8,%3Csvg%20xmlns%3D'http%3A%2F%2Fwww.w3.org%2F2000%2Fsvg'%20viewBox%3D'0%200%201024%20768'%2F%3E\" data-nectar-img-src=\"https:\/\/denhamschool.cl\/wp-content\/uploads\/2025\/04\/DSCN0617-1024x768.jpg\" class=\"skip-lazy nectar-lazy attachment-large\" alt=\"\" title=\"DSCN0617\"  data-nectar-img-srcset=\"https:\/\/denhamschool.cl\/wp-content\/uploads\/2025\/04\/DSCN0617-1024x768.jpg 1024w, https:\/\/denhamschool.cl\/wp-content\/uploads\/2025\/04\/DSCN0617-300x225.jpg 300w, https:\/\/denhamschool.cl\/wp-content\/uploads\/2025\/04\/DSCN0617-768x576.jpg 768w, https:\/\/denhamschool.cl\/wp-content\/uploads\/2025\/04\/DSCN0617-1536x1152.jpg 1536w, https:\/\/denhamschool.cl\/wp-content\/uploads\/2025\/04\/DSCN0617-2048x1536.jpg 2048w\"><\/div><\/div><\/div><\/div><div class=\"cell\" data-lazy=\"true\"><div class=\"nectar-el-parallax-scroll\" data-scroll-animation=\"true\" data-scroll-animation-mobile=\"true\" data-scroll-animation-intensity=\"-1.15\" data-scroll-animation-lerp=\"1\"><div class=\"vc_column-inner\"><div class=\"img-wrap\"><img decoding=\"async\" width=\"1024\" height=\"768\"  src=\"data:image\/svg+xml;charset=utf-8,%3Csvg%20xmlns%3D'http%3A%2F%2Fwww.w3.org%2F2000%2Fsvg'%20viewBox%3D'0%200%201024%20768'%2F%3E\" data-nectar-img-src=\"https:\/\/denhamschool.cl\/wp-content\/uploads\/2025\/04\/DSCN0641-1024x768.jpg\" class=\"skip-lazy nectar-lazy attachment-large\" alt=\"\" title=\"DSCN0641\"  data-nectar-img-srcset=\"https:\/\/denhamschool.cl\/wp-content\/uploads\/2025\/04\/DSCN0641-1024x768.jpg 1024w, https:\/\/denhamschool.cl\/wp-content\/uploads\/2025\/04\/DSCN0641-300x225.jpg 300w, https:\/\/denhamschool.cl\/wp-content\/uploads\/2025\/04\/DSCN0641-768x576.jpg 768w, https:\/\/denhamschool.cl\/wp-content\/uploads\/2025\/04\/DSCN0641-1536x1152.jpg 1536w, https:\/\/denhamschool.cl\/wp-content\/uploads\/2025\/04\/DSCN0641-scaled.jpg 2048w\"><\/div><\/div><\/div><\/div><\/div><\/div><\/div><\/div>\n\t\t<\/div> \n\t<\/div> \n\t\t\t<\/div> \n\t\t<\/div>\n\t<\/div> \n<\/div><\/div>","protected":false},"excerpt":{"rendered":"Acto c\u00edvico de conmemoraci\u00f3n de la Semana de la Seguridad Escolar y Parvularia El pasado lunes 19 de Mayo, 8th Blue realizo el acto c\u00edvico de conmemoraci\u00f3n de la Semana...","protected":false},"author":1,"featured_media":8022,"comment_status":"closed","ping_status":"open","sticky":false,"template":"","format":"standard","meta":{"footnotes":""},"categories":[1],"tags":[],"class_list":{"0":"post-8965","1":"post","2":"type-post","3":"status-publish","4":"format-standard","5":"has-post-thumbnail","7":"category-denham-school"},"yoast_head":"<!-- This site is optimized with the Yoast SEO plugin v26.9 - https:\/\/yoast.com\/product\/yoast-seo-wordpress\/ -->\n<title>Acto c\u00edvico de conmemoraci\u00f3n de la Semana de la Seguridad Escolar y Parvularia - Denham school<\/title>\n<meta name=\"robots\" content=\"index, follow, max-snippet:-1, max-image-preview:large, max-video-preview:-1\" \/>\n<link rel=\"canonical\" href=\"https:\/\/denhamschool.cl\/en\/acto-civico-de-conmemoracion-de-la-semana-de-la-seguridad-escolar-y-parvularia\/\" \/>\n<meta property=\"og:locale\" content=\"en_US\" \/>\n<meta property=\"og:type\" content=\"article\" \/>\n<meta property=\"og:title\" content=\"Acto c\u00edvico de conmemoraci\u00f3n de la Semana de la Seguridad Escolar y Parvularia - Denham school\" \/>\n<meta property=\"og:url\" content=\"https:\/\/denhamschool.cl\/en\/acto-civico-de-conmemoracion-de-la-semana-de-la-seguridad-escolar-y-parvularia\/\" \/>\n<meta property=\"og:site_name\" content=\"Denham school\" \/>\n<meta property=\"article:publisher\" content=\"https:\/\/www.facebook.com\/denhamschool\" \/>\n<meta property=\"article:published_time\" content=\"2025-06-10T04:47:58+00:00\" \/>\n<meta property=\"article:modified_time\" content=\"2025-06-17T20:22:57+00:00\" \/>\n<meta property=\"og:image\" content=\"https:\/\/denhamschool.cl\/wp-content\/uploads\/2025\/04\/seguridade.jpg\" \/>\n\t<meta property=\"og:image:width\" content=\"1080\" \/>\n\t<meta property=\"og:image:height\" content=\"1080\" \/>\n\t<meta property=\"og:image:type\" content=\"image\/jpeg\" \/>\n<meta name=\"author\" content=\"Denham school\" \/>\n<meta name=\"twitter:card\" content=\"summary_large_image\" \/>\n<meta name=\"twitter:label1\" content=\"Written by\" \/>\n\t<meta name=\"twitter:data1\" content=\"Denham school\" \/>\n\t<meta name=\"twitter:label2\" content=\"Est. reading time\" \/>\n\t<meta name=\"twitter:data2\" content=\"6 minutes\" \/>\n<script type=\"application\/ld+json\" class=\"yoast-schema-graph\">{\"@context\":\"https:\/\/schema.org\",\"@graph\":[{\"@type\":\"Article\",\"@id\":\"https:\/\/denhamschool.cl\/acto-civico-de-conmemoracion-de-la-semana-de-la-seguridad-escolar-y-parvularia\/#article\",\"isPartOf\":{\"@id\":\"https:\/\/denhamschool.cl\/acto-civico-de-conmemoracion-de-la-semana-de-la-seguridad-escolar-y-parvularia\/\"},\"author\":{\"name\":\"Denham school\",\"@id\":\"https:\/\/denhamschool.cl\/#\/schema\/person\/b9aa4d11e0fdf8be3fef52656d4be5a5\"},\"headline\":\"Acto c\u00edvico de conmemoraci\u00f3n de la Semana de la Seguridad Escolar y Parvularia\",\"datePublished\":\"2025-06-10T04:47:58+00:00\",\"dateModified\":\"2025-06-17T20:22:57+00:00\",\"mainEntityOfPage\":{\"@id\":\"https:\/\/denhamschool.cl\/acto-civico-de-conmemoracion-de-la-semana-de-la-seguridad-escolar-y-parvularia\/\"},\"wordCount\":1248,\"publisher\":{\"@id\":\"https:\/\/denhamschool.cl\/#organization\"},\"image\":{\"@id\":\"https:\/\/denhamschool.cl\/acto-civico-de-conmemoracion-de-la-semana-de-la-seguridad-escolar-y-parvularia\/#primaryimage\"},\"thumbnailUrl\":\"https:\/\/denhamschool.cl\/wp-content\/uploads\/2025\/04\/seguridade.jpg\",\"articleSection\":[\"Denham school\"],\"inLanguage\":\"en-US\"},{\"@type\":\"WebPage\",\"@id\":\"https:\/\/denhamschool.cl\/acto-civico-de-conmemoracion-de-la-semana-de-la-seguridad-escolar-y-parvularia\/\",\"url\":\"https:\/\/denhamschool.cl\/acto-civico-de-conmemoracion-de-la-semana-de-la-seguridad-escolar-y-parvularia\/\",\"name\":\"Acto c\u00edvico de conmemoraci\u00f3n de la Semana de la Seguridad Escolar y Parvularia - Denham school\",\"isPartOf\":{\"@id\":\"https:\/\/denhamschool.cl\/#website\"},\"primaryImageOfPage\":{\"@id\":\"https:\/\/denhamschool.cl\/acto-civico-de-conmemoracion-de-la-semana-de-la-seguridad-escolar-y-parvularia\/#primaryimage\"},\"image\":{\"@id\":\"https:\/\/denhamschool.cl\/acto-civico-de-conmemoracion-de-la-semana-de-la-seguridad-escolar-y-parvularia\/#primaryimage\"},\"thumbnailUrl\":\"https:\/\/denhamschool.cl\/wp-content\/uploads\/2025\/04\/seguridade.jpg\",\"datePublished\":\"2025-06-10T04:47:58+00:00\",\"dateModified\":\"2025-06-17T20:22:57+00:00\",\"breadcrumb\":{\"@id\":\"https:\/\/denhamschool.cl\/acto-civico-de-conmemoracion-de-la-semana-de-la-seguridad-escolar-y-parvularia\/#breadcrumb\"},\"inLanguage\":\"en-US\",\"potentialAction\":[{\"@type\":\"ReadAction\",\"target\":[\"https:\/\/denhamschool.cl\/acto-civico-de-conmemoracion-de-la-semana-de-la-seguridad-escolar-y-parvularia\/\"]}]},{\"@type\":\"ImageObject\",\"inLanguage\":\"en-US\",\"@id\":\"https:\/\/denhamschool.cl\/acto-civico-de-conmemoracion-de-la-semana-de-la-seguridad-escolar-y-parvularia\/#primaryimage\",\"url\":\"https:\/\/denhamschool.cl\/wp-content\/uploads\/2025\/04\/seguridade.jpg\",\"contentUrl\":\"https:\/\/denhamschool.cl\/wp-content\/uploads\/2025\/04\/seguridade.jpg\",\"width\":1080,\"height\":1080},{\"@type\":\"BreadcrumbList\",\"@id\":\"https:\/\/denhamschool.cl\/acto-civico-de-conmemoracion-de-la-semana-de-la-seguridad-escolar-y-parvularia\/#breadcrumb\",\"itemListElement\":[{\"@type\":\"ListItem\",\"position\":1,\"name\":\"Portada\",\"item\":\"https:\/\/denhamschool.cl\/\"},{\"@type\":\"ListItem\",\"position\":2,\"name\":\"Acto c\u00edvico de conmemoraci\u00f3n de la Semana de la Seguridad Escolar y Parvularia\"}]},{\"@type\":\"WebSite\",\"@id\":\"https:\/\/denhamschool.cl\/#website\",\"url\":\"https:\/\/denhamschool.cl\/\",\"name\":\"Denham school\",\"description\":\"\",\"publisher\":{\"@id\":\"https:\/\/denhamschool.cl\/#organization\"},\"potentialAction\":[{\"@type\":\"SearchAction\",\"target\":{\"@type\":\"EntryPoint\",\"urlTemplate\":\"https:\/\/denhamschool.cl\/?s={search_term_string}\"},\"query-input\":{\"@type\":\"PropertyValueSpecification\",\"valueRequired\":true,\"valueName\":\"search_term_string\"}}],\"inLanguage\":\"en-US\"},{\"@type\":\"Organization\",\"@id\":\"https:\/\/denhamschool.cl\/#organization\",\"name\":\"Denham school\",\"url\":\"https:\/\/denhamschool.cl\/\",\"logo\":{\"@type\":\"ImageObject\",\"inLanguage\":\"en-US\",\"@id\":\"https:\/\/denhamschool.cl\/#\/schema\/logo\/image\/\",\"url\":\"https:\/\/denhamschool.cl\/wp-content\/uploads\/2025\/11\/cropped-logo-ds_Mesa-de-trabajo-1-02.jpg\",\"contentUrl\":\"https:\/\/denhamschool.cl\/wp-content\/uploads\/2025\/11\/cropped-logo-ds_Mesa-de-trabajo-1-02.jpg\",\"width\":512,\"height\":512,\"caption\":\"Denham school\"},\"image\":{\"@id\":\"https:\/\/denhamschool.cl\/#\/schema\/logo\/image\/\"},\"sameAs\":[\"https:\/\/www.facebook.com\/denhamschool\",\"https:\/\/www.instagram.com\/denhamschool\",\"https:\/\/www.youtube.com\/@denhamschool2976\"]},{\"@type\":\"Person\",\"@id\":\"https:\/\/denhamschool.cl\/#\/schema\/person\/b9aa4d11e0fdf8be3fef52656d4be5a5\",\"name\":\"Denham school\",\"image\":{\"@type\":\"ImageObject\",\"inLanguage\":\"en-US\",\"@id\":\"https:\/\/denhamschool.cl\/#\/schema\/person\/image\/\",\"url\":\"https:\/\/secure.gravatar.com\/avatar\/a4147e3364590c6a85049ab6bb1cf6ab416aac8a05d50648d05f951db2f2838a?s=96&d=mm&r=g\",\"contentUrl\":\"https:\/\/secure.gravatar.com\/avatar\/a4147e3364590c6a85049ab6bb1cf6ab416aac8a05d50648d05f951db2f2838a?s=96&d=mm&r=g\",\"caption\":\"Denham school\"},\"sameAs\":[\"https:\/\/denhamschool.cl\"],\"url\":\"https:\/\/denhamschool.cl\/en\/author\/felipeibanez\/\"}]}<\/script>\n<!-- \/ Yoast SEO plugin. -->","yoast_head_json":{"title":"Acto c\u00edvico de conmemoraci\u00f3n de la Semana de la Seguridad Escolar y Parvularia - Denham school","robots":{"index":"index","follow":"follow","max-snippet":"max-snippet:-1","max-image-preview":"max-image-preview:large","max-video-preview":"max-video-preview:-1"},"canonical":"https:\/\/denhamschool.cl\/en\/acto-civico-de-conmemoracion-de-la-semana-de-la-seguridad-escolar-y-parvularia\/","og_locale":"en_US","og_type":"article","og_title":"Acto c\u00edvico de conmemoraci\u00f3n de la Semana de la Seguridad Escolar y Parvularia - Denham school","og_url":"https:\/\/denhamschool.cl\/en\/acto-civico-de-conmemoracion-de-la-semana-de-la-seguridad-escolar-y-parvularia\/","og_site_name":"Denham school","article_publisher":"https:\/\/www.facebook.com\/denhamschool","article_published_time":"2025-06-10T04:47:58+00:00","article_modified_time":"2025-06-17T20:22:57+00:00","og_image":[{"width":1080,"height":1080,"url":"https:\/\/denhamschool.cl\/wp-content\/uploads\/2025\/04\/seguridade.jpg","type":"image\/jpeg"}],"author":"Denham school","twitter_card":"summary_large_image","twitter_misc":{"Written by":"Denham school","Est. reading time":"6 minutes"},"schema":{"@context":"https:\/\/schema.org","@graph":[{"@type":"Article","@id":"https:\/\/denhamschool.cl\/acto-civico-de-conmemoracion-de-la-semana-de-la-seguridad-escolar-y-parvularia\/#article","isPartOf":{"@id":"https:\/\/denhamschool.cl\/acto-civico-de-conmemoracion-de-la-semana-de-la-seguridad-escolar-y-parvularia\/"},"author":{"name":"Denham school","@id":"https:\/\/denhamschool.cl\/#\/schema\/person\/b9aa4d11e0fdf8be3fef52656d4be5a5"},"headline":"Acto c\u00edvico de conmemoraci\u00f3n de la Semana de la Seguridad Escolar y Parvularia","datePublished":"2025-06-10T04:47:58+00:00","dateModified":"2025-06-17T20:22:57+00:00","mainEntityOfPage":{"@id":"https:\/\/denhamschool.cl\/acto-civico-de-conmemoracion-de-la-semana-de-la-seguridad-escolar-y-parvularia\/"},"wordCount":1248,"publisher":{"@id":"https:\/\/denhamschool.cl\/#organization"},"image":{"@id":"https:\/\/denhamschool.cl\/acto-civico-de-conmemoracion-de-la-semana-de-la-seguridad-escolar-y-parvularia\/#primaryimage"},"thumbnailUrl":"https:\/\/denhamschool.cl\/wp-content\/uploads\/2025\/04\/seguridade.jpg","articleSection":["Denham school"],"inLanguage":"en-US"},{"@type":"WebPage","@id":"https:\/\/denhamschool.cl\/acto-civico-de-conmemoracion-de-la-semana-de-la-seguridad-escolar-y-parvularia\/","url":"https:\/\/denhamschool.cl\/acto-civico-de-conmemoracion-de-la-semana-de-la-seguridad-escolar-y-parvularia\/","name":"Acto c\u00edvico de conmemoraci\u00f3n de la Semana de la Seguridad Escolar y Parvularia - Denham school","isPartOf":{"@id":"https:\/\/denhamschool.cl\/#website"},"primaryImageOfPage":{"@id":"https:\/\/denhamschool.cl\/acto-civico-de-conmemoracion-de-la-semana-de-la-seguridad-escolar-y-parvularia\/#primaryimage"},"image":{"@id":"https:\/\/denhamschool.cl\/acto-civico-de-conmemoracion-de-la-semana-de-la-seguridad-escolar-y-parvularia\/#primaryimage"},"thumbnailUrl":"https:\/\/denhamschool.cl\/wp-content\/uploads\/2025\/04\/seguridade.jpg","datePublished":"2025-06-10T04:47:58+00:00","dateModified":"2025-06-17T20:22:57+00:00","breadcrumb":{"@id":"https:\/\/denhamschool.cl\/acto-civico-de-conmemoracion-de-la-semana-de-la-seguridad-escolar-y-parvularia\/#breadcrumb"},"inLanguage":"en-US","potentialAction":[{"@type":"ReadAction","target":["https:\/\/denhamschool.cl\/acto-civico-de-conmemoracion-de-la-semana-de-la-seguridad-escolar-y-parvularia\/"]}]},{"@type":"ImageObject","inLanguage":"en-US","@id":"https:\/\/denhamschool.cl\/acto-civico-de-conmemoracion-de-la-semana-de-la-seguridad-escolar-y-parvularia\/#primaryimage","url":"https:\/\/denhamschool.cl\/wp-content\/uploads\/2025\/04\/seguridade.jpg","contentUrl":"https:\/\/denhamschool.cl\/wp-content\/uploads\/2025\/04\/seguridade.jpg","width":1080,"height":1080},{"@type":"BreadcrumbList","@id":"https:\/\/denhamschool.cl\/acto-civico-de-conmemoracion-de-la-semana-de-la-seguridad-escolar-y-parvularia\/#breadcrumb","itemListElement":[{"@type":"ListItem","position":1,"name":"Portada","item":"https:\/\/denhamschool.cl\/"},{"@type":"ListItem","position":2,"name":"Acto c\u00edvico de conmemoraci\u00f3n de la Semana de la Seguridad Escolar y Parvularia"}]},{"@type":"WebSite","@id":"https:\/\/denhamschool.cl\/#website","url":"https:\/\/denhamschool.cl\/","name":"Denham school","description":"","publisher":{"@id":"https:\/\/denhamschool.cl\/#organization"},"potentialAction":[{"@type":"SearchAction","target":{"@type":"EntryPoint","urlTemplate":"https:\/\/denhamschool.cl\/?s={search_term_string}"},"query-input":{"@type":"PropertyValueSpecification","valueRequired":true,"valueName":"search_term_string"}}],"inLanguage":"en-US"},{"@type":"Organization","@id":"https:\/\/denhamschool.cl\/#organization","name":"Denham school","url":"https:\/\/denhamschool.cl\/","logo":{"@type":"ImageObject","inLanguage":"en-US","@id":"https:\/\/denhamschool.cl\/#\/schema\/logo\/image\/","url":"https:\/\/denhamschool.cl\/wp-content\/uploads\/2025\/11\/cropped-logo-ds_Mesa-de-trabajo-1-02.jpg","contentUrl":"https:\/\/denhamschool.cl\/wp-content\/uploads\/2025\/11\/cropped-logo-ds_Mesa-de-trabajo-1-02.jpg","width":512,"height":512,"caption":"Denham school"},"image":{"@id":"https:\/\/denhamschool.cl\/#\/schema\/logo\/image\/"},"sameAs":["https:\/\/www.facebook.com\/denhamschool","https:\/\/www.instagram.com\/denhamschool","https:\/\/www.youtube.com\/@denhamschool2976"]},{"@type":"Person","@id":"https:\/\/denhamschool.cl\/#\/schema\/person\/b9aa4d11e0fdf8be3fef52656d4be5a5","name":"Denham school","image":{"@type":"ImageObject","inLanguage":"en-US","@id":"https:\/\/denhamschool.cl\/#\/schema\/person\/image\/","url":"https:\/\/secure.gravatar.com\/avatar\/a4147e3364590c6a85049ab6bb1cf6ab416aac8a05d50648d05f951db2f2838a?s=96&d=mm&r=g","contentUrl":"https:\/\/secure.gravatar.com\/avatar\/a4147e3364590c6a85049ab6bb1cf6ab416aac8a05d50648d05f951db2f2838a?s=96&d=mm&r=g","caption":"Denham school"},"sameAs":["https:\/\/denhamschool.cl"],"url":"https:\/\/denhamschool.cl\/en\/author\/felipeibanez\/"}]}},"_links":{"self":[{"href":"https:\/\/denhamschool.cl\/en\/wp-json\/wp\/v2\/posts\/8965","targetHints":{"allow":["GET"]}}],"collection":[{"href":"https:\/\/denhamschool.cl\/en\/wp-json\/wp\/v2\/posts"}],"about":[{"href":"https:\/\/denhamschool.cl\/en\/wp-json\/wp\/v2\/types\/post"}],"author":[{"embeddable":true,"href":"https:\/\/denhamschool.cl\/en\/wp-json\/wp\/v2\/users\/1"}],"replies":[{"embeddable":true,"href":"https:\/\/denhamschool.cl\/en\/wp-json\/wp\/v2\/comments?post=8965"}],"version-history":[{"count":2,"href":"https:\/\/denhamschool.cl\/en\/wp-json\/wp\/v2\/posts\/8965\/revisions"}],"predecessor-version":[{"id":9140,"href":"https:\/\/denhamschool.cl\/en\/wp-json\/wp\/v2\/posts\/8965\/revisions\/9140"}],"wp:featuredmedia":[{"embeddable":true,"href":"https:\/\/denhamschool.cl\/en\/wp-json\/wp\/v2\/media\/8022"}],"wp:attachment":[{"href":"https:\/\/denhamschool.cl\/en\/wp-json\/wp\/v2\/media?parent=8965"}],"wp:term":[{"taxonomy":"category","embeddable":true,"href":"https:\/\/denhamschool.cl\/en\/wp-json\/wp\/v2\/categories?post=8965"},{"taxonomy":"post_tag","embeddable":true,"href":"https:\/\/denhamschool.cl\/en\/wp-json\/wp\/v2\/tags?post=8965"}],"curies":[{"name":"wp","href":"https:\/\/api.w.org\/{rel}","templated":true}]}}